{"id":11103,"date":"2024-01-13T19:00:12","date_gmt":"2024-01-13T18:00:12","guid":{"rendered":"https:\/\/www.labelleviededaniel.fr\/?p=11103"},"modified":"2024-01-13T19:00:12","modified_gmt":"2024-01-13T18:00:12","slug":"jeunesse-et-engagement-politique-jean-viard-france-info-le-13-janvier-2024","status":"publish","type":"post","link":"https:\/\/www.labelleviededaniel.fr\/?p=11103","title":{"rendered":"Jeunesse et engagement Politique, Jean Viard, France Info, le 13 janvier 2024"},"content":{"rendered":"<p>Th\u00e8me : conflit entre la d\u00e9mocratie repr\u00e9sentative et la d\u00e9mocratie num\u00e9rique<\/p>\n<p><a href=\"https:\/\/www.labelleviededaniel.fr\/wp-content\/uploads\/2024\/01\/Jeunesse-et-engagement-en-politique-par-Jean-Viard-France-Info-le-13-janvier-2024.pdf\">Jeunesse et engagement en politique par Jean Viard, France Info, le 13 janvier 2024<\/a><\/p>\n","protected":false},"excerpt":{"rendered":"<p>Th\u00e8me : conflit entre la d\u00e9mocratie repr\u00e9sentative et la d\u00e9mocratie num\u00e9rique Jeunesse et engagement en politique par Jean Viard, France Info, le 13 janvier 2024<\/p>\n","protected":false},"author":1,"featured_media":0,"comment_status":"open","ping_status":"open","sticky":false,"template":"","format":"standard","meta":{"footnotes":""},"categories":[1],"tags":[982,981,749,980,979],"class_list":["post-11103","post","type-post","status-publish","format-standard","hentry","category-non-classe","tag-democratie-numerique","tag-democratie-representative","tag-france-info","tag-gabriel-attal","tag-jean-viard"],"_links":{"self":[{"href":"https:\/\/www.labelleviededaniel.fr\/index.php?rest_route=\/wp\/v2\/posts\/11103","targetHints":{"allow":["GET"]}}],"collection":[{"href":"https:\/\/www.labelleviededaniel.fr\/index.php?rest_route=\/wp\/v2\/posts"}],"about":[{"href":"https:\/\/www.labelleviededaniel.fr\/index.php?rest_route=\/wp\/v2\/types\/post"}],"author":[{"embeddable":true,"href":"https:\/\/www.labelleviededaniel.fr\/index.php?rest_route=\/wp\/v2\/users\/1"}],"replies":[{"embeddable":true,"href":"https:\/\/www.labelleviededaniel.fr\/index.php?rest_route=%2Fwp%2Fv2%2Fcomments&post=11103"}],"version-history":[{"count":1,"href":"https:\/\/www.labelleviededaniel.fr\/index.php?rest_route=\/wp\/v2\/posts\/11103\/revisions"}],"predecessor-version":[{"id":11105,"href":"https:\/\/www.labelleviededaniel.fr\/index.php?rest_route=\/wp\/v2\/posts\/11103\/revisions\/11105"}],"wp:attachment":[{"href":"https:\/\/www.labelleviededaniel.fr\/index.php?rest_route=%2Fwp%2Fv2%2Fmedia&parent=11103"}],"wp:term":[{"taxonomy":"category","embeddable":true,"href":"https:\/\/www.labelleviededaniel.fr\/index.php?rest_route=%2Fwp%2Fv2%2Fcategories&post=11103"},{"taxonomy":"post_tag","embeddable":true,"href":"https:\/\/www.labelleviededaniel.fr\/index.php?rest_route=%2Fwp%2Fv2%2Ftags&post=11103"}],"curies":[{"name":"wp","href":"https:\/\/api.w.org\/{rel}","templated":true}]}}