{"id":11718,"date":"2024-09-12T19:39:43","date_gmt":"2024-09-12T18:39:43","guid":{"rendered":"https:\/\/www.labelleviededaniel.fr\/?p=11718"},"modified":"2024-09-12T19:45:19","modified_gmt":"2024-09-12T18:45:19","slug":"francois-bayrou","status":"publish","type":"post","link":"https:\/\/www.labelleviededaniel.fr\/?p=11718","title":{"rendered":"Fran\u00e7ois Bayrou"},"content":{"rendered":"<p>St\u00e9phane Blakowski re\u00e7oit Fran\u00e7ois Bayrou, trois fois candidat \u00e0 la Pr\u00e9sidentielle entre 2002 et 2012.<br \/>\nFils d&rsquo;agriculteur, Fran\u00e7ois Bayrou est n\u00e9 dans un petit village des Pyr\u00e9n\u00e9es et pendant longtemps il dit avoir ressenti une certaine \u00ab humiliation du milieu social \u00bb dans lequel il grandissait. C&rsquo;est pourquoi il voit dans ses candidatures une \u00ab esp\u00e8ce de revanche \u00bb.<br \/>\nIl se fait conna\u00eetre en 2002 lors de sa premi\u00e8re candidature. D\u00e8s 2007, Fran\u00e7ois Bayrou appara\u00eet dans le r\u00f4le de l&rsquo;outsider. Il a bien failli arriver au second tour et l&#8217;emporter face \u00e0 Nicolas Sarkozy. Alors embarqu\u00e9 dans une \u00ab galopade effr\u00e9n\u00e9e \u00bb, il raconte comment il a souhait\u00e9 pr\u00e9server ses enfants : \u00ab ce que je suis au fond, c&rsquo;est p\u00e8re de famille \u00bb.<br \/>\nL&rsquo;ex candidat de l&rsquo;UDF, puis du MoDEM dit ne rien regretter, bien qu&rsquo;il d\u00e9crive les \u00ab B\u00e9arnais comme un peuple nostalgique \u00bb. Ce qui l&rsquo;importe r\u00e9p\u00e8te-il c&rsquo;est \u00ab pourvu que je sois \u00e9gal ! \u00bb.<br \/>\nUn entretien \u00e0 la fois pudique et tout \u00e0 fait sinc\u00e8re.<\/p>\n<p>Dans ce contexte particulier qu&rsquo;est la p\u00e9riode \u00e9lectorale, St\u00e9phane Blakowski re\u00e7oit dans ses \u00ab Grands Entretiens \u00bb, des candidats heureux ou malheureux aux \u00e9lections pr\u00e9sidentielles pass\u00e9es. Entre anecdotes, rivalit\u00e9s et autres souvenirs marquants, ces anciens candidats t\u00e9moignent de cette exp\u00e9rience tout \u00e0 fait \u00e0 part.<br \/>\nSource : cha\u00eene TV LCP  diffus\u00e9 en mars 2022<\/p>\n<p><iframe loading=\"lazy\" title=\"YouTube video player\" src=\"https:\/\/www.youtube.com\/embed\/oHmMfBf7isU?si=sIWFnXaq6TvuSwwV\" width=\"560\" height=\"315\" frameborder=\"0\" allowfullscreen=\"allowfullscreen\"><\/iframe><\/p>\n","protected":false},"excerpt":{"rendered":"<p>St\u00e9phane Blakowski re\u00e7oit Fran\u00e7ois Bayrou, trois fois candidat \u00e0 la Pr\u00e9sidentielle entre 2002 et 2012. Fils d&rsquo;agriculteur, Fran\u00e7ois Bayrou est n\u00e9 dans un petit village des Pyr\u00e9n\u00e9es et pendant longtemps il dit avoir ressenti une certaine \u00ab humiliation du milieu social \u00bb dans lequel il grandissait. C&rsquo;est pourquoi il voit dans ses candidatures une \u00ab &hellip; <a href=\"https:\/\/www.labelleviededaniel.fr\/?p=11718\" class=\"more-link\">Continuer la lecture de <span class=\"screen-reader-text\">Fran\u00e7ois Bayrou<\/span> <span class=\"meta-nav\">&rarr;<\/span><\/a><\/p>\n","protected":false},"author":1,"featured_media":0,"comment_status":"open","ping_status":"open","sticky":false,"template":"","format":"standard","meta":{"footnotes":""},"categories":[1,20,1052],"tags":[1053,1054],"class_list":["post-11718","post","type-post","status-publish","format-standard","hentry","category-non-classe","category-politique","category-pyrenees","tag-bayrou","tag-francois-bayrou"],"_links":{"self":[{"href":"https:\/\/www.labelleviededaniel.fr\/index.php?rest_route=\/wp\/v2\/posts\/11718","targetHints":{"allow":["GET"]}}],"collection":[{"href":"https:\/\/www.labelleviededaniel.fr\/index.php?rest_route=\/wp\/v2\/posts"}],"about":[{"href":"https:\/\/www.labelleviededaniel.fr\/index.php?rest_route=\/wp\/v2\/types\/post"}],"author":[{"embeddable":true,"href":"https:\/\/www.labelleviededaniel.fr\/index.php?rest_route=\/wp\/v2\/users\/1"}],"replies":[{"embeddable":true,"href":"https:\/\/www.labelleviededaniel.fr\/index.php?rest_route=%2Fwp%2Fv2%2Fcomments&post=11718"}],"version-history":[{"count":3,"href":"https:\/\/www.labelleviededaniel.fr\/index.php?rest_route=\/wp\/v2\/posts\/11718\/revisions"}],"predecessor-version":[{"id":11721,"href":"https:\/\/www.labelleviededaniel.fr\/index.php?rest_route=\/wp\/v2\/posts\/11718\/revisions\/11721"}],"wp:attachment":[{"href":"https:\/\/www.labelleviededaniel.fr\/index.php?rest_route=%2Fwp%2Fv2%2Fmedia&parent=11718"}],"wp:term":[{"taxonomy":"category","embeddable":true,"href":"https:\/\/www.labelleviededaniel.fr\/index.php?rest_route=%2Fwp%2Fv2%2Fcategories&post=11718"},{"taxonomy":"post_tag","embeddable":true,"href":"https:\/\/www.labelleviededaniel.fr\/index.php?rest_route=%2Fwp%2Fv2%2Ftags&post=11718"}],"curies":[{"name":"wp","href":"https:\/\/api.w.org\/{rel}","templated":true}]}}