{"id":11952,"date":"2025-01-15T19:57:06","date_gmt":"2025-01-15T18:57:06","guid":{"rendered":"https:\/\/www.labelleviededaniel.fr\/?p=11952"},"modified":"2025-01-15T19:57:06","modified_gmt":"2025-01-15T18:57:06","slug":"francois-bayrou-au-senat-apres-sa-declaration-de-politique-generale-a-l-assemblee-le-14-janvier-2025","status":"publish","type":"post","link":"https:\/\/www.labelleviededaniel.fr\/?p=11952","title":{"rendered":"Fran\u00e7ois Bayrou  au S\u00e9nat apr\u00e8s sa d\u00e9claration de politique g\u00e9n\u00e9rale \u00e0 l&rsquo; assembl\u00e9e le 14 janvier 2025"},"content":{"rendered":"<p><iframe loading=\"lazy\" title=\"YouTube video player\" src=\"https:\/\/www.youtube.com\/embed\/nfOjw0HsnJE?si=oNROkRLMvtzLV9sA\" width=\"560\" height=\"315\" frameborder=\"0\" allowfullscreen=\"allowfullscreen\"><\/iframe><\/p>\n","protected":false},"excerpt":{"rendered":"","protected":false},"author":1,"featured_media":0,"comment_status":"open","ping_status":"open","sticky":false,"template":"","format":"standard","meta":{"footnotes":""},"categories":[1],"tags":[1053,1114],"class_list":["post-11952","post","type-post","status-publish","format-standard","hentry","category-non-classe","tag-bayrou","tag-senat"],"_links":{"self":[{"href":"https:\/\/www.labelleviededaniel.fr\/index.php?rest_route=\/wp\/v2\/posts\/11952","targetHints":{"allow":["GET"]}}],"collection":[{"href":"https:\/\/www.labelleviededaniel.fr\/index.php?rest_route=\/wp\/v2\/posts"}],"about":[{"href":"https:\/\/www.labelleviededaniel.fr\/index.php?rest_route=\/wp\/v2\/types\/post"}],"author":[{"embeddable":true,"href":"https:\/\/www.labelleviededaniel.fr\/index.php?rest_route=\/wp\/v2\/users\/1"}],"replies":[{"embeddable":true,"href":"https:\/\/www.labelleviededaniel.fr\/index.php?rest_route=%2Fwp%2Fv2%2Fcomments&post=11952"}],"version-history":[{"count":1,"href":"https:\/\/www.labelleviededaniel.fr\/index.php?rest_route=\/wp\/v2\/posts\/11952\/revisions"}],"predecessor-version":[{"id":11953,"href":"https:\/\/www.labelleviededaniel.fr\/index.php?rest_route=\/wp\/v2\/posts\/11952\/revisions\/11953"}],"wp:attachment":[{"href":"https:\/\/www.labelleviededaniel.fr\/index.php?rest_route=%2Fwp%2Fv2%2Fmedia&parent=11952"}],"wp:term":[{"taxonomy":"category","embeddable":true,"href":"https:\/\/www.labelleviededaniel.fr\/index.php?rest_route=%2Fwp%2Fv2%2Fcategories&post=11952"},{"taxonomy":"post_tag","embeddable":true,"href":"https:\/\/www.labelleviededaniel.fr\/index.php?rest_route=%2Fwp%2Fv2%2Ftags&post=11952"}],"curies":[{"name":"wp","href":"https:\/\/api.w.org\/{rel}","templated":true}]}}