{"id":12294,"date":"2025-07-29T08:49:43","date_gmt":"2025-07-29T07:49:43","guid":{"rendered":"https:\/\/www.labelleviededaniel.fr\/?p=12294"},"modified":"2025-08-18T08:56:57","modified_gmt":"2025-08-18T07:56:57","slug":"francois-bayrou-dette-le-moment-de-verite-15-juillet-2025","status":"publish","type":"post","link":"https:\/\/www.labelleviededaniel.fr\/?p=12294","title":{"rendered":"Fran\u00e7ois Bayrou, \u00a0\u00bb dette  publique de la France : le moment de v\u00e9rit\u00e9\u00a0\u00bb, 15 juillet 2025"},"content":{"rendered":"<p><a href=\"https:\/\/www.labelleviededaniel.fr\/wp-content\/uploads\/2025\/07\/image_2025-07-29_101240252.png\"><img loading=\"lazy\" decoding=\"async\" class=\"alignnone size-full wp-image-12302\" src=\"https:\/\/www.labelleviededaniel.fr\/wp-content\/uploads\/2025\/07\/image_2025-07-29_101240252.png\" alt=\"\" width=\"927\" height=\"385\" srcset=\"https:\/\/www.labelleviededaniel.fr\/wp-content\/uploads\/2025\/07\/image_2025-07-29_101240252.png 927w, https:\/\/www.labelleviededaniel.fr\/wp-content\/uploads\/2025\/07\/image_2025-07-29_101240252-300x125.png 300w, https:\/\/www.labelleviededaniel.fr\/wp-content\/uploads\/2025\/07\/image_2025-07-29_101240252-700x291.png 700w, https:\/\/www.labelleviededaniel.fr\/wp-content\/uploads\/2025\/07\/image_2025-07-29_101240252-768x319.png 768w\" sizes=\"auto, (max-width: 927px) 100vw, 927px\" \/><\/a><\/p>\n<p><iframe loading=\"lazy\" title=\"YouTube video player\" src=\"https:\/\/www.youtube.com\/embed\/J6w6aOltiww?si=2dEMz3A9S7I03FgY\" width=\"560\" height=\"315\" frameborder=\"0\" allowfullscreen=\"allowfullscreen\"><\/iframe><\/p>\n<p><a href=\"https:\/\/www.labelleviededaniel.fr\/wp-content\/uploads\/2025\/07\/5f963ee71a02b233334d9f4265464f6567b9421d.pdf\">\u00ab\u00a0Dette, le moment de v\u00e9rit\u00e9\u00a0\u00bb, Fran\u00e7ois Bayrou, 15\/07\/2025<\/a><br \/>\n<a href=\"https:\/\/www.labelleviededaniel.fr\/wp-content\/uploads\/2025\/07\/dossier-de-presse-Le-moment-de-verite-15-juillet-2025.pdf\">le dossier de presse , Le moment de v\u00e9rit\u00e9, 15 juillet 2025<\/a><\/p>\n<p>les podcats de l&rsquo;\u00e9t\u00e9 2025:<br \/>\n<iframe loading=\"lazy\" title=\"YouTube video player\" src=\"https:\/\/www.youtube.com\/embed\/L5SJ4TamfWk?si=9ToasztYEYIPyv3K\" width=\"560\" height=\"315\" frameborder=\"0\" allowfullscreen=\"allowfullscreen\"><\/iframe><br \/>\n<iframe loading=\"lazy\" title=\"YouTube video player\" src=\"https:\/\/www.youtube.com\/embed\/qSDQPTs7elQ?si=69aIfSe6xlygEOm4\" width=\"560\" height=\"315\" frameborder=\"0\" allowfullscreen=\"allowfullscreen\"><\/iframe><br \/>\n<iframe loading=\"lazy\" title=\"YouTube video player\" src=\"https:\/\/www.youtube.com\/embed\/JxAYexo-Co4?si=-bjJvSUxXecpJnN4\" width=\"560\" height=\"315\" frameborder=\"0\" allowfullscreen=\"allowfullscreen\"><\/iframe><br \/>\n<iframe loading=\"lazy\" title=\"YouTube video player\" src=\"https:\/\/www.youtube.com\/embed\/zjN3bYJSwjA?si=TCVU7tTdk5SdsIzR\" width=\"560\" height=\"315\" frameborder=\"0\" allowfullscreen=\"allowfullscreen\"><\/iframe><br \/>\n<iframe loading=\"lazy\" title=\"YouTube video player\" src=\"https:\/\/www.youtube.com\/embed\/jzwZwyAj4As?si=1OOFZLV-wnhd0cCO\" width=\"560\" height=\"315\" frameborder=\"0\" allowfullscreen=\"allowfullscreen\"><\/iframe><br \/>\n<iframe loading=\"lazy\" title=\"YouTube video player\" src=\"https:\/\/www.youtube.com\/embed\/7rG_9U41PaQ?si=pXGqB5WtsgxMU8yB\" width=\"560\" height=\"315\" frameborder=\"0\" allowfullscreen=\"allowfullscreen\"><\/iframe><\/p>\n<p>Rappel historique des <strong>fiascos\u00a0 fran\u00e7ais pr\u00e9visibles que nous ne voulons par voir et surtout affronter\u00a0<\/strong> :\u00a0 cas du 14 juillet 1939, 150 ans apr\u00e8s 1789 et vingt ans apr\u00e8s 1919,\u00a0 l&rsquo;arm\u00e9e fran\u00e7aise parade sur les Champs-Elys\u00e9es&#8230; quelques mois avant\u00a0 la d\u00e9route de juin 1940 face \u00e0 l&rsquo;Allemagne nazie.<\/p>\n<p><a href=\"https:\/\/www.labelleviededaniel.fr\/wp-content\/uploads\/2025\/07\/image_2025-07-29_103709373.png\"><img loading=\"lazy\" decoding=\"async\" class=\"alignnone size-full wp-image-12304\" src=\"https:\/\/www.labelleviededaniel.fr\/wp-content\/uploads\/2025\/07\/image_2025-07-29_103709373.png\" alt=\"\" width=\"762\" height=\"834\" srcset=\"https:\/\/www.labelleviededaniel.fr\/wp-content\/uploads\/2025\/07\/image_2025-07-29_103709373.png 762w, https:\/\/www.labelleviededaniel.fr\/wp-content\/uploads\/2025\/07\/image_2025-07-29_103709373-274x300.png 274w, https:\/\/www.labelleviededaniel.fr\/wp-content\/uploads\/2025\/07\/image_2025-07-29_103709373-700x766.png 700w\" sizes=\"auto, (max-width: 762px) 100vw, 762px\" \/><\/a><\/p>\n","protected":false},"excerpt":{"rendered":"<p>\u00ab\u00a0Dette, le moment de v\u00e9rit\u00e9\u00a0\u00bb, Fran\u00e7ois Bayrou, 15\/07\/2025 le dossier de presse , Le moment de v\u00e9rit\u00e9, 15 juillet 2025 les podcats de l&rsquo;\u00e9t\u00e9 2025: Rappel historique des fiascos\u00a0 fran\u00e7ais pr\u00e9visibles que nous ne voulons par voir et surtout affronter\u00a0 :\u00a0 cas du 14 juillet 1939, 150 ans apr\u00e8s 1789 et vingt ans apr\u00e8s 1919,\u00a0 &hellip; <a href=\"https:\/\/www.labelleviededaniel.fr\/?p=12294\" class=\"more-link\">Continuer la lecture de <span class=\"screen-reader-text\">Fran\u00e7ois Bayrou, \u00a0\u00bb dette  publique de la France : le moment de v\u00e9rit\u00e9\u00a0\u00bb, 15 juillet 2025<\/span> <span class=\"meta-nav\">&rarr;<\/span><\/a><\/p>\n","protected":false},"author":1,"featured_media":0,"comment_status":"open","ping_status":"open","sticky":false,"template":"","format":"standard","meta":{"footnotes":""},"categories":[22,24,1,20],"tags":[1187,1193,1190,1192,1194,1053,1191,1189,1186,1054,1188],"class_list":["post-12294","post","type-post","status-publish","format-standard","hentry","category-actualites","category-economie","category-non-classe","category-politique","tag-le-moment-de-verite","tag-14-juillet-1939","tag-15-juillet-2025","tag-5000-euros-par-seconde","tag-albert-lebrun","tag-bayrou","tag-budget-2026","tag-deficit","tag-dette-publique","tag-francois-bayrou","tag-pib"],"_links":{"self":[{"href":"https:\/\/www.labelleviededaniel.fr\/index.php?rest_route=\/wp\/v2\/posts\/12294","targetHints":{"allow":["GET"]}}],"collection":[{"href":"https:\/\/www.labelleviededaniel.fr\/index.php?rest_route=\/wp\/v2\/posts"}],"about":[{"href":"https:\/\/www.labelleviededaniel.fr\/index.php?rest_route=\/wp\/v2\/types\/post"}],"author":[{"embeddable":true,"href":"https:\/\/www.labelleviededaniel.fr\/index.php?rest_route=\/wp\/v2\/users\/1"}],"replies":[{"embeddable":true,"href":"https:\/\/www.labelleviededaniel.fr\/index.php?rest_route=%2Fwp%2Fv2%2Fcomments&post=12294"}],"version-history":[{"count":12,"href":"https:\/\/www.labelleviededaniel.fr\/index.php?rest_route=\/wp\/v2\/posts\/12294\/revisions"}],"predecessor-version":[{"id":12318,"href":"https:\/\/www.labelleviededaniel.fr\/index.php?rest_route=\/wp\/v2\/posts\/12294\/revisions\/12318"}],"wp:attachment":[{"href":"https:\/\/www.labelleviededaniel.fr\/index.php?rest_route=%2Fwp%2Fv2%2Fmedia&parent=12294"}],"wp:term":[{"taxonomy":"category","embeddable":true,"href":"https:\/\/www.labelleviededaniel.fr\/index.php?rest_route=%2Fwp%2Fv2%2Fcategories&post=12294"},{"taxonomy":"post_tag","embeddable":true,"href":"https:\/\/www.labelleviededaniel.fr\/index.php?rest_route=%2Fwp%2Fv2%2Ftags&post=12294"}],"curies":[{"name":"wp","href":"https:\/\/api.w.org\/{rel}","templated":true}]}}