{"id":12311,"date":"2025-08-12T07:57:30","date_gmt":"2025-08-12T06:57:30","guid":{"rendered":"https:\/\/www.labelleviededaniel.fr\/?p=12311"},"modified":"2025-08-23T20:38:54","modified_gmt":"2025-08-23T19:38:54","slug":"didier-barbelivien-tant-quil-y-aura-des-chansons","status":"publish","type":"post","link":"https:\/\/www.labelleviededaniel.fr\/?p=12311","title":{"rendered":"Didier Barbelivien : \u00ab\u00a0tant qu&rsquo;il y aura des chansons\u00a0\u00bb"},"content":{"rendered":"<p><a href=\"https:\/\/youtu.be\/mbq-74W3vLs?si=uEJ-NcIR11lXM7WM\">vid\u00e9o de \u00ab\u00a0tant qu&rsquo;il y aura des chansons\u00a0\u00bb<\/a><\/p>\n<p>Son sens inn\u00e9 de la ritournelle lui vaut d&rsquo;innombrables succ\u00e8s.<br \/>\nAvec une apparente facilit\u00e9, Didier Barbelivien a \u00e9crit pour les plus grands : Johnny Hallyday, Michel Sardou, Claude Fran\u00e7ois, Nicoletta, Gilbert B\u00e9caud, Herv\u00e9 Vilard ou encoreChristophe<\/p>\n<p>La Chanson \u00ab\u00a0Elle\u00a0\u00bb r\u00e9v\u00e8le Barbelivien \u00ab\u00a0chanteur\u00a0\u00bb en 1980.<\/p>\n<p>D&rsquo;une nature r\u00eaveuse, l&rsquo;enfance du chanteur se passe sans heurts. Rapidement une Passion pour la musique et l&rsquo;\u00e9criture l&rsquo;anime.<\/p>\n<p>Il n&rsquo;a pas vingt ans que sa plume le fait remarquer. Il travaille pour tout ce que la Chanson populaire compte de vedettes :Johnny Hallyday, Michel Sardou, Claude Fran\u00e7ois, Nicoletta, Gilbert B\u00e9caud, Herv\u00e9 Vilard, Christophe &#8230;<\/p>\n<p>Le travail dans l&rsquo;ombre de ces g\u00e9ants lui permet de comprendre comment fonctionne le show business. Il lui faut attendre les ann\u00e9es 80 pour \u00e9clater \u00e0 son tour.<\/p>\n<p>Dans la m\u00eame veine, il impose avec son complice F\u00e9lix Gray un tube incroyable : \u00ab\u00a0A toutes les filles\u00a0\u00bb. Utilisant une phrase extraite d&rsquo;un discours de Fran\u00e7ois Mitterrand, son titre \u00ab\u00a0Il faut laisser du temps au temps\u00a0\u00bb (encore en duo avec F\u00e9lix Gray) remporte lui aussi un grand succ\u00e8s.<br \/>\nCe qui ne manque pas de sel pour ce chanteur aux id\u00e9es farouchement royalistes. N&rsquo;\u00e9crit-il pas \u00ab\u00a0Vive le roi\u00a0\u00bb, pamphlet politique deux si\u00e8cles apr\u00e8s la R\u00e9volution Fran\u00e7aise ?<\/p>\n<p>Auteur et interpr\u00e8te<\/p>\n<p>Rompu aux ficelles du m\u00e9tier, il cr\u00e9e son propre label : pomme music, qui lui permet de produire d&rsquo;autres artistes. On lui doit \u00e9galement la cr\u00e9ation de \u00ab\u00a0Notre Dame de Paris\u00a0\u00bb, produit avec son complice Charles Talar.<\/p>\n<p>En 1992, l&rsquo;album \u00ab\u00a0Les amours cass\u00e9s\u00a0\u00bb se vend tr\u00e8s bien, gr\u00e2ce au titre phare \u00ab\u00a0E Vado via\u00a0\u00bb.<br \/>\nSon projet suivant, \u00ab\u00a0Vend\u00e9es 93\u00a0\u00bb (\u00ab\u00a0Les mari\u00e9s de Vend\u00e9e\u00a0\u00bb), album concept sur un th\u00e8me a priori peu porteur : les guerres vend\u00e9ennes, suit le m\u00eame chemin.<br \/>\nPeu int\u00e9ress\u00e9 par la sc\u00e8ne, il pr\u00e9f\u00e8re peaufiner ses albums. Adorant les aventures in\u00e9dites, il propose au public \u00ab\u00a0Yesterday les Beatles\u00a0\u00bb, hommage vibrant au groupe qui l&rsquo;a tant influenc\u00e9 adolescent.<br \/>\nSon auditoire reste sceptique, et accueille plus favorablement son album suivant : \u00ab\u00a0Chanteur fran\u00e7ais\u00a0\u00bb.<\/p>\n<p>Une tonalit\u00e9 plus adulte dans les textes prouve que le chanteur est parvenu \u00e0 une certaine maturit\u00e9.<br \/>\nIl signe par exemple un texte \u00e9mouvant consacr\u00e9 \u00e0 son fils longtemps laiss\u00e9 pour compte : \u00ab\u00a0Mon gar\u00e7on\u00a0\u00bb.<\/p>\n<p>L&rsquo;hommage \u00e0 L\u00e9o Ferr\u00e9<\/p>\n<p>Autre hommage, celui rendu \u00e0 L\u00e9o Ferr\u00e9. Il lui consacre en 2003 un album sobrement intitul\u00e9 \u00a0\u00bb L\u00e9o \u00a0\u00bb dans lequel il reprend les plus grands titres du chanteur de l\u00e9gende.<br \/>\nL&rsquo;ann\u00e9e suivante, le compositeur revient avec \u00a0\u00bb Les enfants du soleil \u00ab\u00a0, un spectacle musical \u00e9crit avec Cyril Assous.<\/p>\n<p>Il nous embarque \u00e0 bord du KAIRouan pour revivre l&rsquo;exode des pieds-noirs d&rsquo;Alg\u00e9rie.<br \/>\nApres avoir \u00e9crit pour les autres, Didier Barbelivien occupe les devants de la sc\u00e8ne en 2005 avec un album plus personnel, \u00a0\u00bb Envoie les clowns \u00ab\u00a0, d&rsquo;inspiration parfois mystique.<br \/>\nUn disque qui vaut a son public de le revoir sur sc\u00e8ne, notamment en septembre 2007 \u00e0 l&rsquo;Olympia, dans le cadre de sa tourn\u00e9e fran\u00e7aise. En octobre, celui qui a tant \u00e9crit pour les autres revient avec un nouvel album, \u00ab\u00a0Etat des lieux : j&rsquo;\u00e9crivais des Chanson s\u00a0\u00bb, compos\u00e9 de douze titres.<\/p>\n<p>Si Didier Barbelivien avoue enregistrer facilement deux fois plus de Chanson s que n\u00e9cessaire, c&rsquo;est bien la preuve que la Muse ne cesse de le taquiner.<\/p>\n<p>L&rsquo;artiste revient d&rsquo;ailleurs en septembre 2009 avec un nouvel opus. Intitul\u00e9 \u00ab\u00a0Ateliers des artistes\u00a0\u00bb, il y reprend ses plus grandes compositions, autrefois \u00e9crites pour de nombreux artistes. On retrouve ainsi \u00ab La rivi\u00e8re de notre enfance \u00bb compos\u00e9e pour Michel Sardou et Garou , \u00ab Mademoiselle chante le blues \u00bb offerte \u00e0 Patricia Kaas, ou encore \u00ab M\u00e9diterran\u00e9enne \u00bb longtemps interpr\u00e9t\u00e9e par Herv\u00e9 Vilard.<br \/>\nAutant de titres que Didier Barbelivien interpr\u00e8te pr\u00e8s Lens en septembre lors de l&rsquo;un de ses concerts.<\/p>\n<p>Ce chanteur ambitieux et prolifique sait d\u00e9cid\u00e9ment comme personne faire vivre la Chanson populaire!<\/p>\n<p>\u00ab\u00a0Mes pr\u00e9f\u00e9rences\u00a0\u00bb<\/p>\n<p>En 2011 sort \u00abMes pr\u00e9f\u00e9rences\u00bb, album dans lequel il rend hommage \u00e0 tous les artistes qu\u2019il admire en dressant quelques magnifiques portraits \u00ab\u00e0 la mani\u00e8re de\u00bb. La chanson \u00abJean de France\u00bb, d\u00e9di\u00e9e \u00e0 Jean Ferrat conna\u00eet un triomphe \u00e0 chacun de ses concerts. Le CD s\u2019accompagne d\u2019un DVD.<\/p>\n<p>En juin 2012 para\u00eet un Best of de trois CD reprenant ses plus grands succ\u00e8s mais aussi deux in\u00e9dits, \u00abLa montagne\u00bb et \u00abQue serais-je sans toi\u00bb, en duo avec Natasha Saint Pier.<\/p>\n<p>\u00abD\u00e9dicac\u00e9\u00bb, qui sort en 2013, est son 17e album et contient 15 chansons in\u00e9dites qu\u2019il d\u00e9die chacune \u00e0 un chanteur ou une personne qu\u2019il admire. Son choix est tr\u00e8s \u00e9clectique: Claude Fran\u00e7ois, Herv\u00e9 Villard, Eddy Mitchell, Johnny Hallyday, Christophe, Felix Gray, Michel Sardou, Gianni Esposito, G\u00e9rard Manset, Eric Charden, Michel Delpech, G\u00e9rard Lenorman. \u00abC\u00e9saire-Senghor\u00bb est d\u00e9di\u00e9e \u00e0 ses amis africains, tandis que \u00abParis 1967\u00bb est pour son ami du lyc\u00e9e Chaptal, l\u2019\u00e9crivain et \u00e9diteur Jean-Marc Roberts (qui avait aussi tent\u00e9 une carri\u00e8re dans la chanson), d\u00e9c\u00e9d\u00e9 en mars 2013.<\/p>\n<p>Didier Barbelivien pr\u00e9pare un spectacle musical \u00abMarie-Antoinette et le Chevalier de Maison-Rouge\u00bb, le livret est sign\u00e9 Antoine Rault. Il s\u2019agit d\u2019une adaptation du \u00abChevalier de Maison-Rouge\u00bb, le roman historique d\u2019Alexandre Dumas (1846). Le spectacle doit mettre en sc\u00e8ne les six derniers mois de la vie de la reine Marie-Antoinette \u00e0 la prison du Temple, pendant la R\u00e9volution fran\u00e7aise. St\u00e9phane Bern joue le narrateur. Barbelivien interpr\u00e8te le r\u00f4le du Chevalier de Maison-Rouge. Le premier single \u00abLa France\u00bb, qui sort d\u00e9but 2015, est interpr\u00e9t\u00e9 par les premiers r\u00f4les de la com\u00e9die musicale: Kareen Antonn, Micka\u00ebl Miro, Slimane et Valentin Marceau. L\u2019album studio, de 33 titres, para\u00eet le 20 avril 2015.<\/p>\n<p>Le 7 octobre 2016, Didier Barbelivien sort l\u2019album \u00abAmours de moi\u00bb, avec onze chansons. Il y aborde des th\u00e8mes personnels. Ainsi, dans sa chanson \u00abLes violons du pass\u00e9\u00bb, il rend hommage \u00e0 sa maman atteinte de la maladie d\u2019Alzheimer (et qui d\u00e9c\u00e8de en septembre 2017), et, dans \u00abAmours de moi\u00bb et \u00abParc Monceau Louise et Lola\u2019s th\u00e8me\u00bb, il \u00e9voque ses deux filles jumelles (\u00e9voqu\u00e9es d\u00e9j\u00e0 en 2011 dans \u00abLouise et Lola\u00bb, chant\u00e9e sur l\u2019album \u00abMes pr\u00e9f\u00e9rences\u00bb).<\/p>\n<p>L\u2019ann\u00e9e 2017 est \u00e9tay\u00e9e d\u2019une s\u00e9rie de concerts. Et le prolixe auteur de chansons continue son travail de paroliers pour les grands de la chanson fran\u00e7aise, tel que Julien Clerc.<\/p>\n","protected":false},"excerpt":{"rendered":"<p>vid\u00e9o de \u00ab\u00a0tant qu&rsquo;il y aura des chansons\u00a0\u00bb Son sens inn\u00e9 de la ritournelle lui vaut d&rsquo;innombrables succ\u00e8s. Avec une apparente facilit\u00e9, Didier Barbelivien a \u00e9crit pour les plus grands : Johnny Hallyday, Michel Sardou, Claude Fran\u00e7ois, Nicoletta, Gilbert B\u00e9caud, Herv\u00e9 Vilard ou encoreChristophe La Chanson \u00ab\u00a0Elle\u00a0\u00bb r\u00e9v\u00e8le Barbelivien \u00ab\u00a0chanteur\u00a0\u00bb en 1980. D&rsquo;une nature r\u00eaveuse, &hellip; <a href=\"https:\/\/www.labelleviededaniel.fr\/?p=12311\" class=\"more-link\">Continuer la lecture de <span class=\"screen-reader-text\">Didier Barbelivien : \u00ab\u00a0tant qu&rsquo;il y aura des chansons\u00a0\u00bb<\/span> <span class=\"meta-nav\">&rarr;<\/span><\/a><\/p>\n","protected":false},"author":1,"featured_media":0,"comment_status":"open","ping_status":"open","sticky":false,"template":"","format":"standard","meta":{"footnotes":""},"categories":[26,66,1],"tags":[1197,1195,1196,1198,1199],"class_list":["post-12311","post","type-post","status-publish","format-standard","hentry","category-culture","category-musique","category-non-classe","tag-arte","tag-barbelivien","tag-didier-barbelivien","tag-musique","tag-parolier"],"_links":{"self":[{"href":"https:\/\/www.labelleviededaniel.fr\/index.php?rest_route=\/wp\/v2\/posts\/12311","targetHints":{"allow":["GET"]}}],"collection":[{"href":"https:\/\/www.labelleviededaniel.fr\/index.php?rest_route=\/wp\/v2\/posts"}],"about":[{"href":"https:\/\/www.labelleviededaniel.fr\/index.php?rest_route=\/wp\/v2\/types\/post"}],"author":[{"embeddable":true,"href":"https:\/\/www.labelleviededaniel.fr\/index.php?rest_route=\/wp\/v2\/users\/1"}],"replies":[{"embeddable":true,"href":"https:\/\/www.labelleviededaniel.fr\/index.php?rest_route=%2Fwp%2Fv2%2Fcomments&post=12311"}],"version-history":[{"count":5,"href":"https:\/\/www.labelleviededaniel.fr\/index.php?rest_route=\/wp\/v2\/posts\/12311\/revisions"}],"predecessor-version":[{"id":12320,"href":"https:\/\/www.labelleviededaniel.fr\/index.php?rest_route=\/wp\/v2\/posts\/12311\/revisions\/12320"}],"wp:attachment":[{"href":"https:\/\/www.labelleviededaniel.fr\/index.php?rest_route=%2Fwp%2Fv2%2Fmedia&parent=12311"}],"wp:term":[{"taxonomy":"category","embeddable":true,"href":"https:\/\/www.labelleviededaniel.fr\/index.php?rest_route=%2Fwp%2Fv2%2Fcategories&post=12311"},{"taxonomy":"post_tag","embeddable":true,"href":"https:\/\/www.labelleviededaniel.fr\/index.php?rest_route=%2Fwp%2Fv2%2Ftags&post=12311"}],"curies":[{"name":"wp","href":"https:\/\/api.w.org\/{rel}","templated":true}]}}