{"id":1532,"date":"2015-09-12T08:34:41","date_gmt":"2015-09-12T07:34:41","guid":{"rendered":"https:\/\/www.labelleviededaniel.fr\/?p=1532"},"modified":"2015-12-08T12:49:29","modified_gmt":"2015-12-08T11:49:29","slug":"bourvil","status":"publish","type":"post","link":"https:\/\/www.labelleviededaniel.fr\/?p=1532","title":{"rendered":"Archives de l&rsquo; Ina"},"content":{"rendered":"<p>les actualit\u00e9s Fran\u00e7aises du 19 f\u00e9vrier 1953<br \/>\n<iframe loading=\"lazy\" src=\"http:\/\/player.ina.fr\/player\/embed\/AFE86004836\/1\/1b0bd203fbcd702f9bc9b10ac3d0fc21\/460\/259\" width=\"460\" height=\"259\" frameborder=\"0\" marginwidth=\"0\" marginheight=\"0\" scrolling=\"no\"><\/iframe><\/p>\n<p>les actualit\u00e9s Fran\u00e7aises du 12 f\u00e9vrier 1953 \u00e0 deux jours de ma naissance:<br \/>\n<iframe loading=\"lazy\" src=\"http:\/\/player.ina.fr\/player\/embed\/AFE86004835\/1\/1b0bd203fbcd702f9bc9b10ac3d0fc21\/460\/259\" width=\"460\" height=\"259\" frameborder=\"0\" marginwidth=\"0\" marginheight=\"0\" scrolling=\"no\"><\/iframe><\/p>\n<p>les actualit\u00e9s fran\u00e7aises le jour de la naissance d&rsquo;Olivier le 22 juin 1987<br \/>\n<iframe loading=\"lazy\" src=\"http:\/\/player.ina.fr\/player\/embed\/CAB01025762\/1\/1b0bd203fbcd702f9bc9b10ac3d0fc21\/460\/259\" width=\"460\" height=\"259\" frameborder=\"0\" marginwidth=\"0\" marginheight=\"0\" scrolling=\"no\"><\/iframe><\/p>\n<p>Jacqueline Maillan , la partie de bridge ( 1969)<br \/>\n<iframe loading=\"lazy\" src=\"http:\/\/player.ina.fr\/player\/embed\/I06096139\/1\/1b0bd203fbcd702f9bc9b10ac3d0fc21\/460\/259\" width=\"460\" height=\"259\" frameborder=\"0\" marginwidth=\"0\" marginheight=\"0\" scrolling=\"no\"><\/iframe><\/p>\n<p>Bourvil<br \/>\n<iframe loading=\"lazy\" src=\"http:\/\/player.ina.fr\/player\/embed\/I05181525\/1\/1b0bd203fbcd702f9bc9b10ac3d0fc21\/460\/259\" width=\"460\" height=\"259\" frameborder=\"0\" marginwidth=\"0\" marginheight=\"0\" scrolling=\"no\"><\/iframe><\/p>\n<p>Bourvil :le ma\u00eetre d&rsquo;\u00e9cole<\/p>\n<p><iframe loading=\"lazy\" src=\"http:\/\/player.ina.fr\/player\/embed\/I05188656\/1\/1b0bd203fbcd702f9bc9b10ac3d0fc21\/460\/259\" width=\"460\" height=\"259\" frameborder=\"0\" marginwidth=\"0\" marginheight=\"0\" scrolling=\"no\"><\/iframe><\/p>\n","protected":false},"excerpt":{"rendered":"<p>les actualit\u00e9s Fran\u00e7aises du 19 f\u00e9vrier 1953 les actualit\u00e9s Fran\u00e7aises du 12 f\u00e9vrier 1953 \u00e0 deux jours de ma naissance: les actualit\u00e9s fran\u00e7aises le jour de la naissance d&rsquo;Olivier le 22 juin 1987 Jacqueline Maillan , la partie de bridge ( 1969) Bourvil Bourvil :le ma\u00eetre d&rsquo;\u00e9cole<\/p>\n","protected":false},"author":1,"featured_media":0,"comment_status":"open","ping_status":"open","sticky":false,"template":"","format":"standard","meta":{"footnotes":""},"categories":[25],"tags":[],"class_list":["post-1532","post","type-post","status-publish","format-standard","hentry","category-societe"],"_links":{"self":[{"href":"https:\/\/www.labelleviededaniel.fr\/index.php?rest_route=\/wp\/v2\/posts\/1532","targetHints":{"allow":["GET"]}}],"collection":[{"href":"https:\/\/www.labelleviededaniel.fr\/index.php?rest_route=\/wp\/v2\/posts"}],"about":[{"href":"https:\/\/www.labelleviededaniel.fr\/index.php?rest_route=\/wp\/v2\/types\/post"}],"author":[{"embeddable":true,"href":"https:\/\/www.labelleviededaniel.fr\/index.php?rest_route=\/wp\/v2\/users\/1"}],"replies":[{"embeddable":true,"href":"https:\/\/www.labelleviededaniel.fr\/index.php?rest_route=%2Fwp%2Fv2%2Fcomments&post=1532"}],"version-history":[{"count":14,"href":"https:\/\/www.labelleviededaniel.fr\/index.php?rest_route=\/wp\/v2\/posts\/1532\/revisions"}],"predecessor-version":[{"id":2207,"href":"https:\/\/www.labelleviededaniel.fr\/index.php?rest_route=\/wp\/v2\/posts\/1532\/revisions\/2207"}],"wp:attachment":[{"href":"https:\/\/www.labelleviededaniel.fr\/index.php?rest_route=%2Fwp%2Fv2%2Fmedia&parent=1532"}],"wp:term":[{"taxonomy":"category","embeddable":true,"href":"https:\/\/www.labelleviededaniel.fr\/index.php?rest_route=%2Fwp%2Fv2%2Fcategories&post=1532"},{"taxonomy":"post_tag","embeddable":true,"href":"https:\/\/www.labelleviededaniel.fr\/index.php?rest_route=%2Fwp%2Fv2%2Ftags&post=1532"}],"curies":[{"name":"wp","href":"https:\/\/api.w.org\/{rel}","templated":true}]}}