{"id":3259,"date":"2016-04-06T16:23:47","date_gmt":"2016-04-06T15:23:47","guid":{"rendered":"https:\/\/www.labelleviededaniel.fr\/?p=3259"},"modified":"2016-04-06T16:27:53","modified_gmt":"2016-04-06T15:27:53","slug":"le-coeur-regulier-film-de-vanja-alcantara-avec-isabelle-carre","status":"publish","type":"post","link":"https:\/\/www.labelleviededaniel.fr\/?p=3259","title":{"rendered":"\u00ab\u00a0le coeur r\u00e9gulier\u00a0\u00bb film de Vanja Alcantara avec Isabelle Carr\u00e9"},"content":{"rendered":"<p><span style=\"color: #000000;\"><a style=\"color: #000000;\" href=\"http:\/\/www.telerama.fr\/cine\/tous-les-films_genre.php?genre=drame\">Drame<\/a> r\u00e9alis\u00e9 en\u00a02016 par <a style=\"color: #000000;\" href=\"http:\/\/www.telerama.fr\/personnalite\/vanja-d-alcantara,392191.php\" target=\"_self\">Vanja\u00a0d&rsquo;Alcantara<\/a> \u00a0<\/span><br \/>\n<span style=\"color: #000000;\"> Avec <a style=\"color: #000000;\" href=\"http:\/\/www.telerama.fr\/personnalite\/isabelle-carre,6556.php\" target=\"_self\"> Isabelle Carr\u00e9 <\/a> , <a style=\"color: #000000;\" href=\"http:\/\/www.telerama.fr\/personnalite\/jun-kunimura,40020.php\" target=\"_self\"> Jun Kunimura\u00a0 et\u00a0<\/a> <a style=\"color: #000000;\" href=\"http:\/\/www.telerama.fr\/personnalite\/niels-schneider,85876.php\" target=\"_self\"> Niels Schneider <\/a><\/span><br \/>\n<span style=\"color: #000000;\"> Date de sortie : <a style=\"color: #000000;\" href=\"http:\/\/www.telerama.fr\/cine\/film_datesortie.php?date=20160330\" target=\"_self\">30 mars 2016<\/a> \u00a0<\/span><\/p>\n<p><iframe loading=\"lazy\" src=\"http:\/\/www.ultimedia.com\/deliver\/generic\/iframe\/mdtk\/01692309\/src\/lu0f8r\/zone\/1\/showtitle\/1\/\" width=\"450\" height=\"350\" frameborder=\"0\" marginwidth=\"0\" marginheight=\"0\" scrolling=\"no\" allowfullscreen=\"allowfullscreen\"><\/iframe><\/p>\n<div class=\"tv10-gbloc\">\n<p class=\"tv10-gbloc-txt\">Synopsis ( source: T\u00e9l\u00e9rama)<\/p>\n<p class=\"tv10-gbloc-txt\">Alice a une vie bien r\u00e9gl\u00e9e, entre mari, enfants adolescents et belle maison design. Nathan, son fr\u00e8re cadet, vient lui rendre visite. Apr\u00e8s un pass\u00e9 agit\u00e9, il semble avoir trouv\u00e9 la s\u00e9r\u00e9nit\u00e9 au Japon aupr\u00e8s de sa petite amie et gr\u00e2ce au sage Da\u00efsuke. Alors que son avenir s&rsquo;annonce radieux, il se tue dans un accident de moto. Boulevers\u00e9e et d\u00e9cid\u00e9e \u00e0 faire le point sur sa vie, Alice se rend au pays du Soleil-Levant, pour rendre visite \u00e0 ce fameux Da\u00efsuke. Sur place, elle d\u00e9couvre des falaises d&rsquo;o\u00f9 se jettent les d\u00e9sesp\u00e9r\u00e9s. Da\u00efsuke les surveille pour que ces suicidaires ne commettent pas leur geste fatal. Il les recueillent ensuite chez lui&#8230;<\/p>\n<\/div>\n<div class=\"tv10-gbloc\">\n<h4 class=\"tv10-gbloc-top\">LA CRITIQUE LORS DE LA SORTIE EN SALLE DU 30\/03\/2016<\/h4>\n<p class=\"tv10-gbloc-txt\">Sur une \u00eele japonaise escarp\u00e9e (lieu favori des suicid\u00e9s de l&rsquo;archipel), une quadra d\u00e9boussol\u00e9e (Isabelle Carr\u00e9, tr\u00e8s juste) retrouve une raison d&rsquo;\u00eatre aupr\u00e8s d&rsquo;un ex-flic, reconverti dans le sauvetage des \u00e2mes en peine. Et de cinq ! Les \u00adromans d&rsquo;Olivier Adam aimantent les cin\u00e9astes : Philippe Lioret <i>(Je vais bien, ne t&rsquo;en fais pas, Welcome),<\/i> Jean-Pierre Am\u00e9ris <i>(Poids l\u00e9ger),<\/i> Jalil Lespert <i>(Des vents contraires)<\/i>. C&rsquo;est au tour d&rsquo;une jeune r\u00e9alisatrice belge de se mesurer \u00e0 sa m\u00e9lancolie. Elle restitue avec d\u00e9licatesse l&rsquo;intensit\u00e9 de cette renaissance par le deuil et l&rsquo;exil. Les regards et les gestes esquiss\u00e9s du film mutique en disent long sur le vertige d&rsquo;exister. \u2014 M.Bl<\/p>\n<\/div>\n","protected":false},"excerpt":{"rendered":"<p>Drame r\u00e9alis\u00e9 en\u00a02016 par Vanja\u00a0d&rsquo;Alcantara \u00a0 Avec Isabelle Carr\u00e9 , Jun Kunimura\u00a0 et\u00a0 Niels Schneider Date de sortie : 30 mars 2016 \u00a0 Synopsis ( source: T\u00e9l\u00e9rama) Alice a une vie bien r\u00e9gl\u00e9e, entre mari, enfants adolescents et belle maison design. Nathan, son fr\u00e8re cadet, vient lui rendre visite. Apr\u00e8s un pass\u00e9 agit\u00e9, il semble &hellip; <a href=\"https:\/\/www.labelleviededaniel.fr\/?p=3259\" class=\"more-link\">Continuer la lecture de <span class=\"screen-reader-text\">\u00ab\u00a0le coeur r\u00e9gulier\u00a0\u00bb film de Vanja Alcantara avec Isabelle Carr\u00e9<\/span> <span class=\"meta-nav\">&rarr;<\/span><\/a><\/p>\n","protected":false},"author":1,"featured_media":0,"comment_status":"open","ping_status":"open","sticky":false,"template":"","format":"standard","meta":{"footnotes":""},"categories":[45,26],"tags":[],"class_list":["post-3259","post","type-post","status-publish","format-standard","hentry","category-cinema","category-culture"],"_links":{"self":[{"href":"https:\/\/www.labelleviededaniel.fr\/index.php?rest_route=\/wp\/v2\/posts\/3259","targetHints":{"allow":["GET"]}}],"collection":[{"href":"https:\/\/www.labelleviededaniel.fr\/index.php?rest_route=\/wp\/v2\/posts"}],"about":[{"href":"https:\/\/www.labelleviededaniel.fr\/index.php?rest_route=\/wp\/v2\/types\/post"}],"author":[{"embeddable":true,"href":"https:\/\/www.labelleviededaniel.fr\/index.php?rest_route=\/wp\/v2\/users\/1"}],"replies":[{"embeddable":true,"href":"https:\/\/www.labelleviededaniel.fr\/index.php?rest_route=%2Fwp%2Fv2%2Fcomments&post=3259"}],"version-history":[{"count":3,"href":"https:\/\/www.labelleviededaniel.fr\/index.php?rest_route=\/wp\/v2\/posts\/3259\/revisions"}],"predecessor-version":[{"id":3262,"href":"https:\/\/www.labelleviededaniel.fr\/index.php?rest_route=\/wp\/v2\/posts\/3259\/revisions\/3262"}],"wp:attachment":[{"href":"https:\/\/www.labelleviededaniel.fr\/index.php?rest_route=%2Fwp%2Fv2%2Fmedia&parent=3259"}],"wp:term":[{"taxonomy":"category","embeddable":true,"href":"https:\/\/www.labelleviededaniel.fr\/index.php?rest_route=%2Fwp%2Fv2%2Fcategories&post=3259"},{"taxonomy":"post_tag","embeddable":true,"href":"https:\/\/www.labelleviededaniel.fr\/index.php?rest_route=%2Fwp%2Fv2%2Ftags&post=3259"}],"curies":[{"name":"wp","href":"https:\/\/api.w.org\/{rel}","templated":true}]}}