{"id":3271,"date":"2016-04-08T08:32:48","date_gmt":"2016-04-08T07:32:48","guid":{"rendered":"https:\/\/www.labelleviededaniel.fr\/?p=3271"},"modified":"2016-04-08T08:35:08","modified_gmt":"2016-04-08T07:35:08","slug":"quiche-aux-poireaux-et-carottes","status":"publish","type":"post","link":"https:\/\/www.labelleviededaniel.fr\/?p=3271","title":{"rendered":"Quiche aux poireaux et carottes"},"content":{"rendered":"<p><a href=\"https:\/\/www.labelleviededaniel.fr\/wp-content\/uploads\/2016\/04\/WP_20160407_001.jpg\" rel=\"attachment wp-att-3272\"><img loading=\"lazy\" decoding=\"async\" class=\"alignnone size-thumbnail wp-image-3272\" src=\"https:\/\/www.labelleviededaniel.fr\/wp-content\/uploads\/2016\/04\/WP_20160407_001-150x150.jpg\" alt=\"WP_20160407_001\" width=\"150\" height=\"150\" \/><\/a><\/p>\n<p>premi\u00e8re r\u00e9alisation : le jeudi 7 avril 2016<\/p>\n<p><a href=\"http:\/\/www.marmiton.org\/video\/recette_quiche-aux-poireaux-et-carottes_491644.aspx\">la vid\u00e9o ( sans le son) de la recette<\/a><\/p>\n","protected":false},"excerpt":{"rendered":"<p>premi\u00e8re r\u00e9alisation : le jeudi 7 avril 2016 la vid\u00e9o ( sans le son) de la recette<\/p>\n","protected":false},"author":1,"featured_media":0,"comment_status":"open","ping_status":"open","sticky":false,"template":"","format":"standard","meta":{"footnotes":""},"categories":[86],"tags":[131,130,129],"class_list":["post-3271","post","type-post","status-publish","format-standard","hentry","category-cuisine","tag-carottes","tag-poireaux","tag-quiche"],"_links":{"self":[{"href":"https:\/\/www.labelleviededaniel.fr\/index.php?rest_route=\/wp\/v2\/posts\/3271","targetHints":{"allow":["GET"]}}],"collection":[{"href":"https:\/\/www.labelleviededaniel.fr\/index.php?rest_route=\/wp\/v2\/posts"}],"about":[{"href":"https:\/\/www.labelleviededaniel.fr\/index.php?rest_route=\/wp\/v2\/types\/post"}],"author":[{"embeddable":true,"href":"https:\/\/www.labelleviededaniel.fr\/index.php?rest_route=\/wp\/v2\/users\/1"}],"replies":[{"embeddable":true,"href":"https:\/\/www.labelleviededaniel.fr\/index.php?rest_route=%2Fwp%2Fv2%2Fcomments&post=3271"}],"version-history":[{"count":3,"href":"https:\/\/www.labelleviededaniel.fr\/index.php?rest_route=\/wp\/v2\/posts\/3271\/revisions"}],"predecessor-version":[{"id":3275,"href":"https:\/\/www.labelleviededaniel.fr\/index.php?rest_route=\/wp\/v2\/posts\/3271\/revisions\/3275"}],"wp:attachment":[{"href":"https:\/\/www.labelleviededaniel.fr\/index.php?rest_route=%2Fwp%2Fv2%2Fmedia&parent=3271"}],"wp:term":[{"taxonomy":"category","embeddable":true,"href":"https:\/\/www.labelleviededaniel.fr\/index.php?rest_route=%2Fwp%2Fv2%2Fcategories&post=3271"},{"taxonomy":"post_tag","embeddable":true,"href":"https:\/\/www.labelleviededaniel.fr\/index.php?rest_route=%2Fwp%2Fv2%2Ftags&post=3271"}],"curies":[{"name":"wp","href":"https:\/\/api.w.org\/{rel}","templated":true}]}}