{"id":3698,"date":"2016-05-27T17:20:42","date_gmt":"2016-05-27T16:20:42","guid":{"rendered":"https:\/\/www.labelleviededaniel.fr\/?p=3698"},"modified":"2016-08-16T08:22:14","modified_gmt":"2016-08-16T07:22:14","slug":"greves-de-la-cgt-contre-la-loi-travail","status":"publish","type":"post","link":"https:\/\/www.labelleviededaniel.fr\/?p=3698","title":{"rendered":"Gr\u00e8ves de la CGT contre la loi travail"},"content":{"rendered":"<p>facture adress\u00e9e le vendredi 27 mai 2016\u00a0 au si\u00e8ge de la CGT \u00e0 Montreuil pour protester contre la hausse des carburants et les restrictions suite \u00e0 la loi El Khomri<br \/>\n<a href=\"https:\/\/www.labelleviededaniel.fr\/wp-content\/uploads\/2016\/05\/facturepourlaCGT-1.pdf\">facturepourlaCGT<\/a><br \/>\n<a href=\"https:\/\/www.labelleviededaniel.fr\/wp-content\/uploads\/2016\/05\/facturepourlaCGTbis.pdf\">facturepourlaCGTbis<\/a><br \/>\n<a href=\"https:\/\/www.labelleviededaniel.fr\/wp-content\/uploads\/2016\/05\/1608LETTRECGTDU9AOUT2016.pdf\">1608LETTRECGTDU9AOUT2016<\/a><br \/>\nArticle\u00a0 de Pierre Gattaz\u00a0 paru dans le journal le Monde du 30 mai 2016\u00a0 au sujet de la CGT et de la loi\u00a0 travail<br \/>\n<a href=\"https:\/\/www.labelleviededaniel.fr\/wp-content\/uploads\/2016\/05\/La-charge-de-Pierre-Gattaz-contre-la-CGT.pdf\">La-charge-de-Pierre-Gattaz-contre-la-CGT<\/a><\/p>\n","protected":false},"excerpt":{"rendered":"<p>facture adress\u00e9e le vendredi 27 mai 2016\u00a0 au si\u00e8ge de la CGT \u00e0 Montreuil pour protester contre la hausse des carburants et les restrictions suite \u00e0 la loi El Khomri facturepourlaCGT facturepourlaCGTbis 1608LETTRECGTDU9AOUT2016 Article\u00a0 de Pierre Gattaz\u00a0 paru dans le journal le Monde du 30 mai 2016\u00a0 au sujet de la CGT et de la &hellip; <a href=\"https:\/\/www.labelleviededaniel.fr\/?p=3698\" class=\"more-link\">Continuer la lecture de <span class=\"screen-reader-text\">Gr\u00e8ves de la CGT contre la loi travail<\/span> <span class=\"meta-nav\">&rarr;<\/span><\/a><\/p>\n","protected":false},"author":1,"featured_media":0,"comment_status":"open","ping_status":"open","sticky":false,"template":"","format":"standard","meta":{"footnotes":""},"categories":[24,20,25],"tags":[170,173,171,172,175],"class_list":["post-3698","post","type-post","status-publish","format-standard","hentry","category-economie","category-politique","category-societe","tag-cgt","tag-greves","tag-loi-travail","tag-myriam-el-khomri","tag-philippe-martinez"],"_links":{"self":[{"href":"https:\/\/www.labelleviededaniel.fr\/index.php?rest_route=\/wp\/v2\/posts\/3698","targetHints":{"allow":["GET"]}}],"collection":[{"href":"https:\/\/www.labelleviededaniel.fr\/index.php?rest_route=\/wp\/v2\/posts"}],"about":[{"href":"https:\/\/www.labelleviededaniel.fr\/index.php?rest_route=\/wp\/v2\/types\/post"}],"author":[{"embeddable":true,"href":"https:\/\/www.labelleviededaniel.fr\/index.php?rest_route=\/wp\/v2\/users\/1"}],"replies":[{"embeddable":true,"href":"https:\/\/www.labelleviededaniel.fr\/index.php?rest_route=%2Fwp%2Fv2%2Fcomments&post=3698"}],"version-history":[{"count":8,"href":"https:\/\/www.labelleviededaniel.fr\/index.php?rest_route=\/wp\/v2\/posts\/3698\/revisions"}],"predecessor-version":[{"id":4253,"href":"https:\/\/www.labelleviededaniel.fr\/index.php?rest_route=\/wp\/v2\/posts\/3698\/revisions\/4253"}],"wp:attachment":[{"href":"https:\/\/www.labelleviededaniel.fr\/index.php?rest_route=%2Fwp%2Fv2%2Fmedia&parent=3698"}],"wp:term":[{"taxonomy":"category","embeddable":true,"href":"https:\/\/www.labelleviededaniel.fr\/index.php?rest_route=%2Fwp%2Fv2%2Fcategories&post=3698"},{"taxonomy":"post_tag","embeddable":true,"href":"https:\/\/www.labelleviededaniel.fr\/index.php?rest_route=%2Fwp%2Fv2%2Ftags&post=3698"}],"curies":[{"name":"wp","href":"https:\/\/api.w.org\/{rel}","templated":true}]}}