{"id":3718,"date":"2016-06-01T09:44:47","date_gmt":"2016-06-01T08:44:47","guid":{"rendered":"https:\/\/www.labelleviededaniel.fr\/?p=3718"},"modified":"2016-06-01T10:21:47","modified_gmt":"2016-06-01T09:21:47","slug":"langle-eco-la-guerre-des-ages-emission-de-f-lenglet-diffusee-le-mardi-31-mai-2016-sur-france-2","status":"publish","type":"post","link":"https:\/\/www.labelleviededaniel.fr\/?p=3718","title":{"rendered":"\u00ab\u00a0L&rsquo;Angle \u00e9co\u00a0\u00bb : La guerre des \u00e2ges &#8211; \u00e9mission de F. Lenglet diffus\u00e9e le mardi 31 mai 2016 sur France 2"},"content":{"rendered":"<p><iframe loading=\"lazy\" src=\"https:\/\/www.youtube.com\/embed\/-7pYNcFOz60\" width=\"560\" height=\"315\" frameborder=\"0\" allowfullscreen=\"allowfullscreen\"><\/iframe><\/p>\n","protected":false},"excerpt":{"rendered":"","protected":false},"author":1,"featured_media":0,"comment_status":"open","ping_status":"open","sticky":false,"template":"","format":"standard","meta":{"footnotes":""},"categories":[24,20,25],"tags":[174],"class_list":["post-3718","post","type-post","status-publish","format-standard","hentry","category-economie","category-politique","category-societe","tag-francois-langlet"],"_links":{"self":[{"href":"https:\/\/www.labelleviededaniel.fr\/index.php?rest_route=\/wp\/v2\/posts\/3718","targetHints":{"allow":["GET"]}}],"collection":[{"href":"https:\/\/www.labelleviededaniel.fr\/index.php?rest_route=\/wp\/v2\/posts"}],"about":[{"href":"https:\/\/www.labelleviededaniel.fr\/index.php?rest_route=\/wp\/v2\/types\/post"}],"author":[{"embeddable":true,"href":"https:\/\/www.labelleviededaniel.fr\/index.php?rest_route=\/wp\/v2\/users\/1"}],"replies":[{"embeddable":true,"href":"https:\/\/www.labelleviededaniel.fr\/index.php?rest_route=%2Fwp%2Fv2%2Fcomments&post=3718"}],"version-history":[{"count":2,"href":"https:\/\/www.labelleviededaniel.fr\/index.php?rest_route=\/wp\/v2\/posts\/3718\/revisions"}],"predecessor-version":[{"id":3720,"href":"https:\/\/www.labelleviededaniel.fr\/index.php?rest_route=\/wp\/v2\/posts\/3718\/revisions\/3720"}],"wp:attachment":[{"href":"https:\/\/www.labelleviededaniel.fr\/index.php?rest_route=%2Fwp%2Fv2%2Fmedia&parent=3718"}],"wp:term":[{"taxonomy":"category","embeddable":true,"href":"https:\/\/www.labelleviededaniel.fr\/index.php?rest_route=%2Fwp%2Fv2%2Fcategories&post=3718"},{"taxonomy":"post_tag","embeddable":true,"href":"https:\/\/www.labelleviededaniel.fr\/index.php?rest_route=%2Fwp%2Fv2%2Ftags&post=3718"}],"curies":[{"name":"wp","href":"https:\/\/api.w.org\/{rel}","templated":true}]}}