{"id":4063,"date":"2016-08-04T10:27:22","date_gmt":"2016-08-04T09:27:22","guid":{"rendered":"https:\/\/www.labelleviededaniel.fr\/?p=4063"},"modified":"2016-08-04T10:48:01","modified_gmt":"2016-08-04T09:48:01","slug":"le-9-mars-1762-a-toulouse-le-supplice-inflige-a-jean-calas-durant-deux-heures","status":"publish","type":"post","link":"https:\/\/www.labelleviededaniel.fr\/?p=4063","title":{"rendered":"le 9 mars 1762 \u00e0 Toulouse, le supplice inflig\u00e9  au Huguenot  Jean Calas durant deux heures"},"content":{"rendered":"<p><a href=\"https:\/\/www.labelleviededaniel.fr\/wp-content\/uploads\/2016\/08\/laffaire-Calas.pdf\">Le supplice de Jean Calas \u00e0 Toulouse\u00a0\u00a0 tel que d\u00e9crit par Victor Hugo dans son discours en hommage \u00e0 Voltaire pour le centenaire de sa mort en 1878 : l&rsquo;affaire Calas<\/a><\/p>\n<p>source :\u00a0 Discours sur Voltaire ( 1694-1778) par Victor\u00a0 Hugo \u00e0 l&rsquo;occasion du centenaire de la mort de Voltaire le 30 mai 1878.<\/p>\n<p>Rappel : A Toulouse,\u00a0 le 13 octobre 1761,\u00a0 on trouve dans la salle basse d&rsquo;une maison un jeune homme pendu. La foule s&rsquo;ameute, le clerg\u00e9 fulmine, la magistrature informe.<br \/>\nC&rsquo;est un suicide, on en fait un assassinat. Dans quel int\u00e9r\u00eat?<\/p>\n<p>Dans l&rsquo; int\u00e9r\u00eat de la religion.<\/p>\n<p>Et qui accuse-t-on? Le p\u00e8re. C&rsquo;est un huguenot, et il a voulu emp\u00eacher son fils de se faire catholique. Il y a monstruosit\u00e9 morale et impossibilit\u00e9 mat\u00e9rielle ; n&rsquo;importe ! ce p\u00e8re \u00e0 tu\u00e9 son fils ! ce vieillard a pendu ce jeune homme&#8230;<\/p>\n<p><a href=\"http:\/\/c18.net\/atelier\/publications.php\">http:\/\/c18.net\/atelier\/publications.php<\/a><\/p>\n<p>&nbsp;<\/p>\n","protected":false},"excerpt":{"rendered":"<p>Le supplice de Jean Calas \u00e0 Toulouse\u00a0\u00a0 tel que d\u00e9crit par Victor Hugo dans son discours en hommage \u00e0 Voltaire pour le centenaire de sa mort en 1878 : l&rsquo;affaire Calas source :\u00a0 Discours sur Voltaire ( 1694-1778) par Victor\u00a0 Hugo \u00e0 l&rsquo;occasion du centenaire de la mort de Voltaire le 30 mai 1878. Rappel &hellip; <a href=\"https:\/\/www.labelleviededaniel.fr\/?p=4063\" class=\"more-link\">Continuer la lecture de <span class=\"screen-reader-text\">le 9 mars 1762 \u00e0 Toulouse, le supplice inflig\u00e9  au Huguenot  Jean Calas durant deux heures<\/span> <span class=\"meta-nav\">&rarr;<\/span><\/a><\/p>\n","protected":false},"author":1,"featured_media":0,"comment_status":"open","ping_status":"open","sticky":false,"template":"","format":"standard","meta":{"footnotes":""},"categories":[20,25],"tags":[232,233,227,229,226,228,231,230],"class_list":["post-4063","post","type-post","status-publish","format-standard","hentry","category-politique","category-societe","tag-atelier-du-livre","tag-guerre-de-religion","tag-huguenot","tag-intelorance-religieuse","tag-jean-calas","tag-protestant","tag-victor-hugo","tag-voltaire"],"_links":{"self":[{"href":"https:\/\/www.labelleviededaniel.fr\/index.php?rest_route=\/wp\/v2\/posts\/4063","targetHints":{"allow":["GET"]}}],"collection":[{"href":"https:\/\/www.labelleviededaniel.fr\/index.php?rest_route=\/wp\/v2\/posts"}],"about":[{"href":"https:\/\/www.labelleviededaniel.fr\/index.php?rest_route=\/wp\/v2\/types\/post"}],"author":[{"embeddable":true,"href":"https:\/\/www.labelleviededaniel.fr\/index.php?rest_route=\/wp\/v2\/users\/1"}],"replies":[{"embeddable":true,"href":"https:\/\/www.labelleviededaniel.fr\/index.php?rest_route=%2Fwp%2Fv2%2Fcomments&post=4063"}],"version-history":[{"count":6,"href":"https:\/\/www.labelleviededaniel.fr\/index.php?rest_route=\/wp\/v2\/posts\/4063\/revisions"}],"predecessor-version":[{"id":4070,"href":"https:\/\/www.labelleviededaniel.fr\/index.php?rest_route=\/wp\/v2\/posts\/4063\/revisions\/4070"}],"wp:attachment":[{"href":"https:\/\/www.labelleviededaniel.fr\/index.php?rest_route=%2Fwp%2Fv2%2Fmedia&parent=4063"}],"wp:term":[{"taxonomy":"category","embeddable":true,"href":"https:\/\/www.labelleviededaniel.fr\/index.php?rest_route=%2Fwp%2Fv2%2Fcategories&post=4063"},{"taxonomy":"post_tag","embeddable":true,"href":"https:\/\/www.labelleviededaniel.fr\/index.php?rest_route=%2Fwp%2Fv2%2Ftags&post=4063"}],"curies":[{"name":"wp","href":"https:\/\/api.w.org\/{rel}","templated":true}]}}