{"id":4412,"date":"2016-11-17T08:57:40","date_gmt":"2016-11-17T07:57:40","guid":{"rendered":"https:\/\/www.labelleviededaniel.fr\/?p=4412"},"modified":"2024-03-02T16:49:44","modified_gmt":"2024-03-02T15:49:44","slug":"emission-des-racines-et-des-ailes-consacree-au-jura-du-16-novembre-2016","status":"publish","type":"post","link":"https:\/\/www.labelleviededaniel.fr\/?p=4412","title":{"rendered":"Emission \u00ab\u00a0Des Racines et des Ailes\u00a0\u00bb consacr\u00e9e au Jura du 16 novembre 2016"},"content":{"rendered":"<div id='gallery-1' class='gallery galleryid-4412 gallery-columns-3 gallery-size-thumbnail'><figure class='gallery-item'>\n\t\t\t<div class='gallery-icon landscape'>\n\t\t\t\t<a href='https:\/\/www.labelleviededaniel.fr\/?attachment_id=4425'><img loading=\"lazy\" decoding=\"async\" width=\"150\" height=\"150\" src=\"https:\/\/www.labelleviededaniel.fr\/wp-content\/uploads\/2016\/11\/les-alpes-150x150.jpg\" class=\"attachment-thumbnail size-thumbnail\" alt=\"\" \/><\/a>\n\t\t\t<\/div><\/figure><figure class='gallery-item'>\n\t\t\t<div class='gallery-icon landscape'>\n\t\t\t\t<a href='https:\/\/www.labelleviededaniel.fr\/?attachment_id=4423'><img loading=\"lazy\" decoding=\"async\" width=\"150\" height=\"150\" src=\"https:\/\/www.labelleviededaniel.fr\/wp-content\/uploads\/2016\/11\/Arcs-et-Senans-150x150.jpg\" class=\"attachment-thumbnail size-thumbnail\" alt=\"\" \/><\/a>\n\t\t\t<\/div><\/figure><figure class='gallery-item'>\n\t\t\t<div class='gallery-icon landscape'>\n\t\t\t\t<a href='https:\/\/www.labelleviededaniel.fr\/?attachment_id=4424'><img loading=\"lazy\" decoding=\"async\" width=\"150\" height=\"150\" src=\"https:\/\/www.labelleviededaniel.fr\/wp-content\/uploads\/2016\/11\/laffinage-du-comt\u00e9-150x150.jpg\" class=\"attachment-thumbnail size-thumbnail\" alt=\"\" \/><\/a>\n\t\t\t<\/div><\/figure>\n\t\t<\/div>\n\n<p><a href=\"https:\/\/www.labelleviededaniel.fr\/wp-content\/uploads\/2016\/11\/Le-Fot-Saint-Antoine-cave-pour-affinage-du-Comt\u00e9.pdf\">Le d\u00e9pliant pour visiter le Fort Saint Antoine<\/a><br \/>\nL&rsquo;\u00e9mission : Carole Gaessler descend le massif du Jura, depuis le lac suisse de Bienne jusqu&rsquo;aux plateaux du vignoble. Elle rencontre Ga\u00ebl, pal\u00e9ontologue, et Michel, professeur de g\u00e9ologie, qui survolent la \u00abpetite Ecosse\u00bb, ou r\u00e9gion des lacs, puis la saline royale d&rsquo;Arc-et-Senans, le fort de Joux et les vignobles de Ch\u00e2teau-Chalon. Retour sur la terre ferme, \u00e0 Plagne, o\u00f9 se trouve la plus longue piste de dinosaures jamais d\u00e9couverte. Puis, direction Dole, ancienne capitale du Comt\u00e9 de Bourgogne, pour une visite guid\u00e9e offerte par Aline, responsable du patrimoine de la ville. La visite se poursuit \u00e0 l&rsquo;est de la r\u00e9gion des lacs, avec Fabien et Magalie, \u00e9leveurs de vaches montb\u00e9liardes, et Claude, ma\u00eetre affineur.<\/p>\n<p>Descriptif d\u00e9taill\u00e9:<\/p>\n<p>Nous vous proposons de d\u00e9couvrir le massif du Jura : nous descendons peu \u00e0 peu les marches de cet immense escalier que constitue le massif du Jura, depuis le lac suisse de Bienne jusqu\u2019aux plateaux du vignoble jurassien.<\/p>\n<p>Ga\u00ebl, jeune pal\u00e9ontologue, et Michel, professeur de g\u00e9ologie, survolent la \u00ab petite \u00c9cosse \u00bb, la r\u00e9gion des lacs aux couleurs dignes des tropiques, puis la majestueuse saline royale d\u2019Arc-et-Senans, le fort de Joux, sentinelle militaire jusqu\u2019\u00e0 la fin de la Seconde Guerre mondiale et enfin, dans la plaine, les vignobles de Ch\u00e2teau-Chalon et du c\u00e9l\u00e8bre Vin jaune.<\/p>\n<p>Retour au sol, en moto, dans la vall\u00e9e de la Loue. Une route vertigineuse sillonne des gorges spectaculaires de village en village. Une gigantesque cascade se cache au fond d\u2019un gouffre. Longtemps, on a cru que la source de la rivi\u00e8re \u00e9tait l\u00e0. Jusqu\u2019au jour o\u00f9 l\u2019usine d\u2019absinthe de Pontarlier le long du Doubs a \u00e9t\u00e9 ravag\u00e9e par les flammes. Le lendemain, la Loue sentait l\u2019alcool\u2026<\/p>\n<p>A Plagne nous attend la plus longue piste de dinosaures jamais d\u00e9couverte. Avec Patrice et Marie-H\u00e9l\u00e8ne, les d\u00e9couvreurs, Ga\u00ebl met au jour des empreintes de plus d\u2019un m\u00e8tre de long, enfonc\u00e9es profond\u00e9ment dans le sol par des colosses de plus de 50 tonnes !<\/p>\n<p>Nous quittons le sud du massif en direction du nord de l\u2019arc jurassien. Sur les rives du Doubs, nous entrons par le quartier des tanneurs dans l\u2019ancienne capitale du Comt\u00e9 de Bourgogne, Dole. Aline, responsable du patrimoine de la ville, nous entra\u00eene, dans une Dole secr\u00e8te faite de passages, au c\u0153ur d\u2019h\u00f4tels particuliers somptueux, de cachots rest\u00e9s intacts depuis la R\u00e9volution fran\u00e7aise et de souterrains cach\u00e9s.<\/p>\n<p>Nous repartons de Dole en ULM pour survoler l\u2019un des recoins les plus surprenants du massif, la r\u00e9gion des lacs. Pr\u00e8s de 70 points d\u2019eau ponctuent cette bande \u00e9troite entre hauts plateaux et for\u00eats d\u2019altitude. Au lac de Chalain, une \u00e9quipe de g\u00e9ologues nous fait remonter le temps : ils viennent carotter le s\u00e9diment rest\u00e9 intact au fond de l\u2019eau depuis des mill\u00e9naires. Le moyen d\u2019en savoir plus sur le changement climatique et la pr\u00e9sence des premiers hommes s\u00e9dentaires.<\/p>\n<p>A l\u2019est de la r\u00e9gion des lacs appara\u00eet la Haute Cha\u00eene, la plus haute marche du grand escalier du Jura. C\u2019est au pied de ces montagnes que l\u2019on produit un fromage d\u2019exception, le Comt\u00e9. Avec Fabien et Magalie, \u00e9leveurs de montb\u00e9liardes, nous d\u00e9couvrons toute la cha\u00eene de production : p\u00e2turages, fruiti\u00e8re\u2026 stockage. Et nous entrons dans la cath\u00e9drale du Comt\u00e9, au fort Saint-Antoine. Au milieu de 100 000 meules de fromage, Claude, ma\u00eetre affineur, nous r\u00e9v\u00e8le les secrets des meilleurs Comt\u00e9s.<\/p>\n<p>Le Jura est aussi le berceau de technologies de pointe. En pleine for\u00eat du Risoux, c\u00f4t\u00e9 suisse, Jean-Michel, luthier, et Christophe, garde forestier, partent \u00e0 la recherche d\u2019un \u00e9pic\u00e9a d\u2019exception. Un arbre qu\u2019on ne d\u00e9niche qu\u2019apr\u00e8s de longues journ\u00e9es de marche. Ce bois parfait sert \u00e0 fabriquer des panneaux de son design et hi-tech, tr\u00e8s pris\u00e9s des m\u00e9lomanes.<\/p>\n<p>Les saisons passent, r\u00e9v\u00e9lant de nouvelles ambiances et de nouvelles couleurs. L\u2019hiver la neige recouvre tout. L\u2019occasion pour Sophie, \u00ab musheuse \u00bb professionnelle, de partir en exp\u00e9dition avec ses chiens et de faire en ski l\u2019ascension du Mont d\u2019Or. Ici Bernard est l\u2019un des derniers passeurs encore en vie. Pendant la Seconde Guerre mondiale, il a guid\u00e9 vers la libert\u00e9 ceux qui fuyaient la France occup\u00e9e. Entre ski hors piste et escalade, nous empruntons le chemin p\u00e9rilleux et escarp\u00e9 de ces r\u00e9sistants\u2026 jusqu\u2019\u00e0 la fronti\u00e8re suisse.<\/p>\n<p>Un film r\u00e9alis\u00e9 par Gabrielle Dr\u00e9an et Fr\u00e9d\u00e9ric Vassort<br \/>\nUne production Capa, avec la participation de France T\u00e9l\u00e9visions<\/p>\n<p>Adresses utiles:<\/p>\n<article>\n<div>\n<h4>C\u00f4t\u00e9 Suisse<\/h4>\n<p>JURASSICA Museum<br \/>\nRoute de Fontenais 21<br \/>\n2900 Porrentruy (Suisse)<br \/>\n++41 (0)32 420 92 00<br \/>\nHoraires, tarifs et informations pratiques \u00e0 retrouver sur<a href=\"http:\/\/www.jurassica.ch\" rel=\"nofollow\"> www.jurassica.ch<\/a>.<\/p>\n<h4>C\u00f4t\u00e9 France<\/h4>\n<p>Plagne<br \/>\n<a href=\"http:\/\/www.ain-tourisme.com\" rel=\"nofollow\">www.ain-tourisme.com<\/a><\/p>\n<p>Loulle<br \/>\n<a href=\"http:\/\/www.juramusees.fr\/\" rel=\"nofollow\">http:\/\/www.juramusees.fr\/<\/a><br \/>\n<a href=\"http:\/\/www.juramusees.fr\/\" rel=\"nofollow\">http:\/\/www.lejurassique.com\/<\/a><\/p>\n<p>La r\u00e9gion des lacs vue du ciel<br \/>\n<a href=\"http:\/\/www.alize-ulm.com\" rel=\"nofollow\">www.alize-ulm.com<\/a><\/p>\n<p>Forage dans le lac de Chalain<br \/>\n<a href=\"http:\/\/chrono-environnement.univ-fcomte.fr\/spip.php?article41\" rel=\"nofollow\">http:\/\/chrono-environnement.univ-fcomte.fr\/spip.php?article41\u00a0<\/a><\/p>\n<p>Le comt\u00e9<br \/>\nLe fort Saint-Antoine, la cave g\u00e9ante des comt\u00e9s :\u00a0<a href=\"http:\/\/www.comte-petite.com\" rel=\"nofollow\">www.comte-petite.com<\/a><br \/>\nLa cave du fort Saint Antoine se visite.<\/p>\n<p>Le luthier technologique<br \/>\n<a href=\"http:\/\/www.jmclutherie.com\/\" rel=\"nofollow\">http:\/\/www.jmclutherie.com\/<\/a><br \/>\nLa balade dans le Jura sous la neige<br \/>\n<a href=\"http:\/\/www.la-champagne.eu\/\" rel=\"nofollow\">www.la-champagne.eu\/\u00a0<\/a><br \/>\n<a href=\"https:\/\/www.facebook.com\/LaChampagne.Chalet\/\" rel=\"nofollow\">https:\/\/www.facebook.com\/LaChampagne.Chalet\/<\/a><br \/>\n<a href=\"http:\/\/www.bienvenue-a-la-ferme.com\/franche-comte\/doubs\/les-hopitaux-neufs\/ferme\/chalet-d-alpage-la-champagne\/377471\" rel=\"nofollow\">http:\/\/www.bienvenue-a-la-ferme.com\/franche-comte\/doubs\/les-hopitaux-neufs\/ferme\/chalet-d-alpage-la-champagne\/377471<\/a><br \/>\n<a href=\"http:\/\/www.parcjuravaudois.ch\/\" rel=\"nofollow\">www.parcjuravaudois.ch\/<\/a><\/p>\n<p>Le ski de rando nordique<br \/>\n<a href=\"http:\/\/www.skirandonneenordique.com\/\" rel=\"nofollow\">http:\/\/www.skirandonneenordique.com\/<\/a><br \/>\n<a href=\"http:\/\/www.evasionsnordiques.com\" rel=\"nofollow\">www.evasionsnordiques.com<\/a><\/p>\n<p>Chiens de traineaux<br \/>\n<a href=\"http:\/\/www.sentiers-nordiques.fr\/\" rel=\"nofollow\">www.sentiers-nordiques.fr\/\u00a0<\/a><\/p>\n<p>Le chemin des passeurs<br \/>\n<a href=\"http:\/\/www.randodespasseurs.com\" rel=\"nofollow\">www.randodespasseurs.com<\/a><\/p>\n<\/div>\n<\/article>\n<p>&nbsp;<\/p>\n","protected":false},"excerpt":{"rendered":"<p>Le d\u00e9pliant pour visiter le Fort Saint Antoine L&rsquo;\u00e9mission : Carole Gaessler descend le massif du Jura, depuis le lac suisse de Bienne jusqu&rsquo;aux plateaux du vignoble. Elle rencontre Ga\u00ebl, pal\u00e9ontologue, et Michel, professeur de g\u00e9ologie, qui survolent la \u00abpetite Ecosse\u00bb, ou r\u00e9gion des lacs, puis la saline royale d&rsquo;Arc-et-Senans, le fort de Joux et &hellip; <a href=\"https:\/\/www.labelleviededaniel.fr\/?p=4412\" class=\"more-link\">Continuer la lecture de <span class=\"screen-reader-text\">Emission \u00ab\u00a0Des Racines et des Ailes\u00a0\u00bb consacr\u00e9e au Jura du 16 novembre 2016<\/span> <span class=\"meta-nav\">&rarr;<\/span><\/a><\/p>\n","protected":false},"author":1,"featured_media":0,"comment_status":"open","ping_status":"open","sticky":false,"template":"","format":"standard","meta":{"footnotes":""},"categories":[26,28],"tags":[262,261,264,255,260,258,263,266,256,265,257,259],"class_list":["post-4412","post","type-post","status-publish","format-standard","hentry","category-culture","category-voyages","tag-arc-et-senans","tag-bienne","tag-chateau-chalon","tag-des-racines-et-des-ailes","tag-dinosaures","tag-dole","tag-fort-de-joux","tag-fort-saint-antoine","tag-jura","tag-plagne","tag-suisse","tag-vallee-de-la-loue"],"_links":{"self":[{"href":"https:\/\/www.labelleviededaniel.fr\/index.php?rest_route=\/wp\/v2\/posts\/4412","targetHints":{"allow":["GET"]}}],"collection":[{"href":"https:\/\/www.labelleviededaniel.fr\/index.php?rest_route=\/wp\/v2\/posts"}],"about":[{"href":"https:\/\/www.labelleviededaniel.fr\/index.php?rest_route=\/wp\/v2\/types\/post"}],"author":[{"embeddable":true,"href":"https:\/\/www.labelleviededaniel.fr\/index.php?rest_route=\/wp\/v2\/users\/1"}],"replies":[{"embeddable":true,"href":"https:\/\/www.labelleviededaniel.fr\/index.php?rest_route=%2Fwp%2Fv2%2Fcomments&post=4412"}],"version-history":[{"count":18,"href":"https:\/\/www.labelleviededaniel.fr\/index.php?rest_route=\/wp\/v2\/posts\/4412\/revisions"}],"predecessor-version":[{"id":11184,"href":"https:\/\/www.labelleviededaniel.fr\/index.php?rest_route=\/wp\/v2\/posts\/4412\/revisions\/11184"}],"wp:attachment":[{"href":"https:\/\/www.labelleviededaniel.fr\/index.php?rest_route=%2Fwp%2Fv2%2Fmedia&parent=4412"}],"wp:term":[{"taxonomy":"category","embeddable":true,"href":"https:\/\/www.labelleviededaniel.fr\/index.php?rest_route=%2Fwp%2Fv2%2Fcategories&post=4412"},{"taxonomy":"post_tag","embeddable":true,"href":"https:\/\/www.labelleviededaniel.fr\/index.php?rest_route=%2Fwp%2Fv2%2Ftags&post=4412"}],"curies":[{"name":"wp","href":"https:\/\/api.w.org\/{rel}","templated":true}]}}