{"id":4474,"date":"2016-11-19T11:37:50","date_gmt":"2016-11-19T10:37:50","guid":{"rendered":"https:\/\/www.labelleviededaniel.fr\/?p=4474"},"modified":"2016-11-19T11:48:37","modified_gmt":"2016-11-19T10:48:37","slug":"lexperience-de-mort-imminente-emi","status":"publish","type":"post","link":"https:\/\/www.labelleviededaniel.fr\/?p=4474","title":{"rendered":"L&rsquo;Exp\u00e9rience de Mort Imminente &#8211; EMI"},"content":{"rendered":"<p><iframe loading=\"lazy\" src=\"https:\/\/www.youtube.com\/embed\/VYmCP9xgmR4\" width=\"560\" height=\"315\" frameborder=\"0\" allowfullscreen=\"allowfullscreen\"><\/iframe><br \/>\n<iframe loading=\"lazy\" src=\"https:\/\/www.youtube.com\/embed\/2UDay9Nca_o\" width=\"560\" height=\"315\" frameborder=\"0\" allowfullscreen=\"allowfullscreen\"><\/iframe><br \/>\n<iframe loading=\"lazy\" src=\"https:\/\/www.franceculture.fr\/player\/export-reecouter?content=0a46ab4a-b96c-4198-845b-bad4ac1aa24e\" width=\"481\" height=\"137\" frameborder=\"0\" scrolling=\"no\"><\/iframe><\/p>\n<p>Un documentaire de Maylis Besserie et Christine Diger<\/p>\n<p>Prise de son\u00a0: Jean-Ghislain Maije, Yves Le Hors, et Jacques Vinson<\/p>\n<p>1\u00e8re diffusion le 06\/01\/2010<\/p>\n<p>Le ph\u00e9nom\u00e8ne a v\u00e9ritablement commenc\u00e9 \u00e0 faire l\u2019objet d\u2019\u00e9tudes circonstanci\u00e9es \u00e0 partir de 1977, \u00e0 la parution de l\u2019ouvrage du psychiatre am\u00e9ricain Raymond Moody, La vie apr\u00e8s la vie. En France, il aurait touch\u00e9 deux millions de personnes, dont le docteur Jean-Pierre Jourdan, directeur de l\u2019IANDS (la plus grande association scientifique dans ce domaine, qui s\u2019\u00e9vertue depuis vingt ans \u00e0 recueillir les t\u00e9moignages.)<\/p>\n<p>Mythe ou r\u00e9alit\u00e9 ? La question, source de tous les fantasmes, des plus farfelus aux plus scientifiques, ne cesse en tout cas de fasciner, et renvoie \u00e0 l\u2019une des interrogations fondamentales de l\u2019humanit\u00e9 : sa condition mortelle. La m\u00e9decine a pourtant longtemps boud\u00e9 le sujet, jug\u00e9 peu scientifique. Beaucoup de sp\u00e9cialistes ont \u00e9mis jusqu\u2019ici des hypoth\u00e8ses indiquant que les EMI rel\u00e8veraient plut\u00f4t de la crise mystique, de l\u2019hallucination, ou seraient dues \u00e0 des ph\u00e9nom\u00e8nes chimiques li\u00e9s \u00e0 la prise d\u2019anesth\u00e9siques. Mais la similitude des r\u00e9cits des patients entretient le myst\u00e8re et pose question.<\/p>\n<p>C\u2019est pourquoi l\u2019h\u00f4pital de Sarlat, en Dordogne, a d\u00e9cid\u00e9 de mettre en place un protocole in\u00e9dit de d\u00e9tection des exp\u00e9riences de mort imminente. Comme les t\u00e9moins affirment tous avoir connu une transformation de leurs perceptions, au moment de leur EMI (vision \u00e0 360 degr\u00e9s\u2026), une exp\u00e9rience est men\u00e9e. Sous le contr\u00f4le du chef de service Jean-Pierre Postel et d\u2019un huissier de justice, les m\u00e9decins ont d\u00e9pos\u00e9 des enveloppes scell\u00e9es par huissier dans la chambre de patients en situation de coma. Si un patient parvient \u00e0 lire \u00e0 travers l\u2019enveloppe par, le message contenu \u00e0 l\u2019int\u00e9rieur et que tout le monde ignore (y compris les concepteurs) alors l\u2019authenticit\u00e9 des exp\u00e9riences sera \u00e9tablie, ouvrant de nouvelles perspectives \u00e0 la recherche m\u00e9dicale.<\/p>\n<p>*International Association for Near-Death Studies (Association internationale pour l\u2019\u00e9tude des \u00e9tats proches de la mort)<\/p>\n","protected":false},"excerpt":{"rendered":"<p>Un documentaire de Maylis Besserie et Christine Diger Prise de son\u00a0: Jean-Ghislain Maije, Yves Le Hors, et Jacques Vinson 1\u00e8re diffusion le 06\/01\/2010 Le ph\u00e9nom\u00e8ne a v\u00e9ritablement commenc\u00e9 \u00e0 faire l\u2019objet d\u2019\u00e9tudes circonstanci\u00e9es \u00e0 partir de 1977, \u00e0 la parution de l\u2019ouvrage du psychiatre am\u00e9ricain Raymond Moody, La vie apr\u00e8s la vie. En France, il &hellip; <a href=\"https:\/\/www.labelleviededaniel.fr\/?p=4474\" class=\"more-link\">Continuer la lecture de <span class=\"screen-reader-text\">L&rsquo;Exp\u00e9rience de Mort Imminente &#8211; EMI<\/span> <span class=\"meta-nav\">&rarr;<\/span><\/a><\/p>\n","protected":false},"author":1,"featured_media":0,"comment_status":"open","ping_status":"open","sticky":false,"template":"","format":"standard","meta":{"footnotes":""},"categories":[274,243,149,30],"tags":[277,275,276],"class_list":["post-4474","post","type-post","status-publish","format-standard","hentry","category-medecine","category-religion","category-sante","category-sciences","tag-decorporation","tag-experience-de-mort-imminiente-emi","tag-near-death-experience-nde"],"_links":{"self":[{"href":"https:\/\/www.labelleviededaniel.fr\/index.php?rest_route=\/wp\/v2\/posts\/4474","targetHints":{"allow":["GET"]}}],"collection":[{"href":"https:\/\/www.labelleviededaniel.fr\/index.php?rest_route=\/wp\/v2\/posts"}],"about":[{"href":"https:\/\/www.labelleviededaniel.fr\/index.php?rest_route=\/wp\/v2\/types\/post"}],"author":[{"embeddable":true,"href":"https:\/\/www.labelleviededaniel.fr\/index.php?rest_route=\/wp\/v2\/users\/1"}],"replies":[{"embeddable":true,"href":"https:\/\/www.labelleviededaniel.fr\/index.php?rest_route=%2Fwp%2Fv2%2Fcomments&post=4474"}],"version-history":[{"count":4,"href":"https:\/\/www.labelleviededaniel.fr\/index.php?rest_route=\/wp\/v2\/posts\/4474\/revisions"}],"predecessor-version":[{"id":4478,"href":"https:\/\/www.labelleviededaniel.fr\/index.php?rest_route=\/wp\/v2\/posts\/4474\/revisions\/4478"}],"wp:attachment":[{"href":"https:\/\/www.labelleviededaniel.fr\/index.php?rest_route=%2Fwp%2Fv2%2Fmedia&parent=4474"}],"wp:term":[{"taxonomy":"category","embeddable":true,"href":"https:\/\/www.labelleviededaniel.fr\/index.php?rest_route=%2Fwp%2Fv2%2Fcategories&post=4474"},{"taxonomy":"post_tag","embeddable":true,"href":"https:\/\/www.labelleviededaniel.fr\/index.php?rest_route=%2Fwp%2Fv2%2Ftags&post=4474"}],"curies":[{"name":"wp","href":"https:\/\/api.w.org\/{rel}","templated":true}]}}