{"id":5464,"date":"2017-07-04T13:04:21","date_gmt":"2017-07-04T12:04:21","guid":{"rendered":"https:\/\/www.labelleviededaniel.fr\/?p=5464"},"modified":"2017-07-04T13:08:15","modified_gmt":"2017-07-04T12:08:15","slug":"discours-d-emmanuel-macron-devant-le-congres-reunion-a-versailles-le-lundi-3-juillet-2017","status":"publish","type":"post","link":"https:\/\/www.labelleviededaniel.fr\/?p=5464","title":{"rendered":"Discours d&rsquo; Emmanuel  Macron devant le congr\u00e8s r\u00e9union \u00e0 Versailles le lundi 3 juillet 2017"},"content":{"rendered":"<p><a href=\"https:\/\/www.labelleviededaniel.fr\/wp-content\/uploads\/2017\/07\/Discours-d-Emmanuel-Macron-devant-le-Cong\u00e8rs-r\u00e9uni-\u00e0-VERSAILLES-le-03-Juillet-2017.pdf\">Discours d&rsquo; Emmanuel Macron devant le Cong\u00e8rs r\u00e9uni \u00e0 VERSAILLES le 03 Juillet 2017<\/a><\/p>\n","protected":false},"excerpt":{"rendered":"<p>Discours d&rsquo; Emmanuel Macron devant le Cong\u00e8rs r\u00e9uni \u00e0 VERSAILLES le 03 Juillet 2017<\/p>\n","protected":false},"author":1,"featured_media":0,"comment_status":"open","ping_status":"open","sticky":false,"template":"","format":"standard","meta":{"footnotes":""},"categories":[1],"tags":[],"class_list":["post-5464","post","type-post","status-publish","format-standard","hentry","category-non-classe"],"_links":{"self":[{"href":"https:\/\/www.labelleviededaniel.fr\/index.php?rest_route=\/wp\/v2\/posts\/5464","targetHints":{"allow":["GET"]}}],"collection":[{"href":"https:\/\/www.labelleviededaniel.fr\/index.php?rest_route=\/wp\/v2\/posts"}],"about":[{"href":"https:\/\/www.labelleviededaniel.fr\/index.php?rest_route=\/wp\/v2\/types\/post"}],"author":[{"embeddable":true,"href":"https:\/\/www.labelleviededaniel.fr\/index.php?rest_route=\/wp\/v2\/users\/1"}],"replies":[{"embeddable":true,"href":"https:\/\/www.labelleviededaniel.fr\/index.php?rest_route=%2Fwp%2Fv2%2Fcomments&post=5464"}],"version-history":[{"count":5,"href":"https:\/\/www.labelleviededaniel.fr\/index.php?rest_route=\/wp\/v2\/posts\/5464\/revisions"}],"predecessor-version":[{"id":5470,"href":"https:\/\/www.labelleviededaniel.fr\/index.php?rest_route=\/wp\/v2\/posts\/5464\/revisions\/5470"}],"wp:attachment":[{"href":"https:\/\/www.labelleviededaniel.fr\/index.php?rest_route=%2Fwp%2Fv2%2Fmedia&parent=5464"}],"wp:term":[{"taxonomy":"category","embeddable":true,"href":"https:\/\/www.labelleviededaniel.fr\/index.php?rest_route=%2Fwp%2Fv2%2Fcategories&post=5464"},{"taxonomy":"post_tag","embeddable":true,"href":"https:\/\/www.labelleviededaniel.fr\/index.php?rest_route=%2Fwp%2Fv2%2Ftags&post=5464"}],"curies":[{"name":"wp","href":"https:\/\/api.w.org\/{rel}","templated":true}]}}