{"id":6942,"date":"2018-05-11T09:22:02","date_gmt":"2018-05-11T08:22:02","guid":{"rendered":"https:\/\/www.labelleviededaniel.fr\/?p=6942"},"modified":"2018-06-24T14:15:22","modified_gmt":"2018-06-24T13:15:22","slug":"documentaire-de-france-5-sur-la-retraite","status":"publish","type":"post","link":"https:\/\/www.labelleviededaniel.fr\/?p=6942","title":{"rendered":"la retraite : documentaire de France 5  de Marie Agostini diffus\u00e9 le 9 mai 2018"},"content":{"rendered":"<p><iframe loading=\"lazy\" src=\"\/\/www.ultimedia.com\/deliver\/generic\/iframe\/mdtk\/01692309\/src\/k3usr5\/zone\/14\/showtitle\/1\/\" width=\"490\" height=\"300\" frameborder=\"0\" marginwidth=\"0\" marginheight=\"0\" scrolling=\"no\" allowfullscreen=\"allowfullscreen\"><\/iframe><\/p>\n<p>Le monde en face<\/p>\n<div>\n<h4>Ann\u00e9e z\u00e9ro (enfin la retraite ?)<\/h4>\n<\/div>\n<section>\n<div>diffus\u00e9 le mer. 09.05.18 \u00e0 20h55<\/div>\n<div>de : Marie Agostini<\/div>\n<div><a href=\"https:\/\/www.france.tv\/documentaires\/societe\"> soci\u00e9t\u00e9 <\/a> | 65min | tous publics<\/div>\n<div><\/div>\n<\/section>\n<div>Qu&rsquo;il soit redout\u00e9 ou attendu, l&rsquo;\u00e2ge de la retraite finit par sonner. Pour certains, ce moment est douloureux. Le marketing \u00e0 destination des seniors vante les bonheurs d&rsquo;une seconde vie, d&rsquo;un repos bien m\u00e9rit\u00e9. Mais les vraies questions sont ailleurs. Qui suis-je sans mon travail ? Dans une soci\u00e9t\u00e9 qui valorise l&rsquo;action, la r\u00e9ussite et la jeunesse, comment trouver sa place ? Une transition heureuse est-elle possible et \u00e0 quelles conditions ? T\u00e9moignages de celles et ceux qui ont su rebondir apr\u00e8s cette ann\u00e9e z\u00e9ro, pour trouver un nouvel \u00e9quilibre.<\/div>\n","protected":false},"excerpt":{"rendered":"<p>Le monde en face Ann\u00e9e z\u00e9ro (enfin la retraite ?) diffus\u00e9 le mer. 09.05.18 \u00e0 20h55 de : Marie Agostini soci\u00e9t\u00e9 | 65min | tous publics Qu&rsquo;il soit redout\u00e9 ou attendu, l&rsquo;\u00e2ge de la retraite finit par sonner. Pour certains, ce moment est douloureux. Le marketing \u00e0 destination des seniors vante les bonheurs d&rsquo;une seconde &hellip; <a href=\"https:\/\/www.labelleviededaniel.fr\/?p=6942\" class=\"more-link\">Continuer la lecture de <span class=\"screen-reader-text\">la retraite : documentaire de France 5  de Marie Agostini diffus\u00e9 le 9 mai 2018<\/span> <span class=\"meta-nav\">&rarr;<\/span><\/a><\/p>\n","protected":false},"author":1,"featured_media":0,"comment_status":"open","ping_status":"open","sticky":false,"template":"","format":"standard","meta":{"footnotes":""},"categories":[22,149,25],"tags":[572],"class_list":["post-6942","post","type-post","status-publish","format-standard","hentry","category-actualites","category-sante","category-societe","tag-retraite"],"_links":{"self":[{"href":"https:\/\/www.labelleviededaniel.fr\/index.php?rest_route=\/wp\/v2\/posts\/6942","targetHints":{"allow":["GET"]}}],"collection":[{"href":"https:\/\/www.labelleviededaniel.fr\/index.php?rest_route=\/wp\/v2\/posts"}],"about":[{"href":"https:\/\/www.labelleviededaniel.fr\/index.php?rest_route=\/wp\/v2\/types\/post"}],"author":[{"embeddable":true,"href":"https:\/\/www.labelleviededaniel.fr\/index.php?rest_route=\/wp\/v2\/users\/1"}],"replies":[{"embeddable":true,"href":"https:\/\/www.labelleviededaniel.fr\/index.php?rest_route=%2Fwp%2Fv2%2Fcomments&post=6942"}],"version-history":[{"count":5,"href":"https:\/\/www.labelleviededaniel.fr\/index.php?rest_route=\/wp\/v2\/posts\/6942\/revisions"}],"predecessor-version":[{"id":7075,"href":"https:\/\/www.labelleviededaniel.fr\/index.php?rest_route=\/wp\/v2\/posts\/6942\/revisions\/7075"}],"wp:attachment":[{"href":"https:\/\/www.labelleviededaniel.fr\/index.php?rest_route=%2Fwp%2Fv2%2Fmedia&parent=6942"}],"wp:term":[{"taxonomy":"category","embeddable":true,"href":"https:\/\/www.labelleviededaniel.fr\/index.php?rest_route=%2Fwp%2Fv2%2Fcategories&post=6942"},{"taxonomy":"post_tag","embeddable":true,"href":"https:\/\/www.labelleviededaniel.fr\/index.php?rest_route=%2Fwp%2Fv2%2Ftags&post=6942"}],"curies":[{"name":"wp","href":"https:\/\/api.w.org\/{rel}","templated":true}]}}