{"id":7149,"date":"2018-07-12T18:41:12","date_gmt":"2018-07-12T17:41:12","guid":{"rendered":"https:\/\/www.labelleviededaniel.fr\/?p=7149"},"modified":"2018-07-12T20:24:44","modified_gmt":"2018-07-12T19:24:44","slug":"barbara-ma-plus-belle-histoire-damour-cest-vous-chanson-dediee-a-son-public-en-1966","status":"publish","type":"post","link":"https:\/\/www.labelleviededaniel.fr\/?p=7149","title":{"rendered":"Barbara (1930-1997): \u00a0\u00bb Ma plus belle histoire d&rsquo;amour c&rsquo;est vous\u00a0\u00bb, chanson d\u00e9di\u00e9e \u00e0 son public \u00e9crite en 1966"},"content":{"rendered":"<p>Cette chanson \u00e9crite en 1966 apr\u00e8s son triomphe en 1965 \u00e0 Bobino est d\u00e9di\u00e9e \u00e0 son public.<\/p>\n<p><iframe loading=\"lazy\" src=\"https:\/\/www.youtube.com\/embed\/spf8gG5_QOI\" width=\"560\" height=\"315\" frameborder=\"0\" allowfullscreen=\"allowfullscreen\"><\/iframe><\/p>\n<p><strong>Paroles de la chanson\u00a0\u00bb Ma plus belle histoire d&rsquo;amour\u00a0\u00bb par Barbara<\/strong><br \/>\nDu plus loin, que me revienne,<br \/>\nL\u00b4ombre de mes amours anciennes,<br \/>\nDu plus loin, du premier rendez-vous,<br \/>\nDu temps des premi\u00e8res peines,<br \/>\nLors, j\u00b4avais quinze ans, \u00e0 peine,<br \/>\nC\u0153ur tout blanc, et griffes aux genoux,<br \/>\nQue ce furent, j\u00b4\u00e9tais pr\u00e9coce,<br \/>\nDe tendres amours de gosse,<br \/>\nOu les morsures d\u00b4un amour fou,<br \/>\nDu plus loin qu\u00b4il m\u00b4en souvienne,<br \/>\nSi depuis, j\u00b4ai dit \u00ab\u00a0je t\u00b4aime\u00a0\u00bb,<br \/>\nMa plus belle histoire d\u00b4amour, c\u00b4est vous,<\/p>\n<p>C\u00b4est vrai, je ne fus pas sage,<br \/>\nEt j\u00b4ai tourn\u00e9 bien des pages,<br \/>\nSans les lire, blanches, et puis rien dessus,<br \/>\nC\u00b4est vrai, je ne fus pas sage,<br \/>\nEt mes guerriers de passage,<br \/>\nA peine vus, d\u00e9j\u00e0 disparus,<br \/>\nMais \u00e0 travers leur visage,<\/p>\n<p>C\u00b4\u00e9tait d\u00e9j\u00e0 votre image,<br \/>\nC\u00b4\u00e9tait vous d\u00e9j\u00e0 et le c\u0153ur nu,<br \/>\nJe refaisais mes bagages,<br \/>\nEt poursuivais mon mirage,<br \/>\nMa plus belle histoire d\u00b4amour, c\u00b4est vous,<\/p>\n<p>Sur la longue route,<br \/>\nQui menait vers vous,<br \/>\nSur la longue route,<br \/>\nJ\u00b4allais le c\u0153ur fou,<br \/>\nLe vent de d\u00e9cembre,<br \/>\nMe gelait au cou,<br \/>\nQu\u00b4importait d\u00e9cembre,<br \/>\nSi c\u00b4\u00e9tait pour vous,<\/p>\n<p>Elle fut longue la route,<br \/>\nMais je l\u00b4ai faite, la route,<br \/>\nCelle-l\u00e0, qui menait jusqu\u00b4\u00e0 vous,<br \/>\nEt je ne suis pas parjure,<br \/>\nSi ce soir, je vous jure,<br \/>\nQue, pour vous, je l\u00b4eus faite \u00e0 genoux,<br \/>\nIl en eut fallu bien d\u00b4autres,<br \/>\nQue quelques mauvais ap\u00f4tres,<br \/>\nQue l\u00b4hiver ou la neige \u00e0 mon cou,<br \/>\nPour que je perde patience,<br \/>\nEt j\u00b4ai calm\u00e9 ma violence,<br \/>\nMa plus belle histoire d\u00b4amour, c\u00b4est vous,<\/p>\n<p>Mais tant d&rsquo;hiver et d&rsquo;automne<br \/>\nDe nuit, de jour, et personne,<br \/>\nVous n\u00b4\u00e9tiez jamais au rendez-vous,<br \/>\nEt de vous, perdant courage,<br \/>\nSoudain, me prenait la rage,<br \/>\nMon Dieu, que j\u00b4avais besoin de vous,<br \/>\nQue le Diable vous emporte,<br \/>\nD\u00b4autres m\u00b4ont ouvert leur porte,<br \/>\nHeureuse, je m\u00b4en allais loin de vous,<br \/>\nOui, je vous fus infid\u00e8le,<br \/>\nMais vous revenais quand m\u00eame,<br \/>\nMa plus belle histoire d\u00b4amour, c\u00b4est vous,<\/p>\n<p>J\u00b4ai pleur\u00e9 mes larmes,<br \/>\nMais qu\u00b4il me fut doux,<br \/>\nOh, qu\u00b4il me fut doux,<br \/>\nCe premier sourire de vous,<br \/>\nEt pour une larme,<br \/>\nQui venait de vous,<br \/>\nJ\u00b4ai pleur\u00e9 d\u00b4amour,<br \/>\nVous souvenez-vous?<\/p>\n<p>Ce fut, un soir, en septembre,<br \/>\nVous \u00e9tiez venus m\u00b4attendre,<br \/>\nIci m\u00eame, vous en souvenez-vous?<br \/>\nA vous regarder sourire,<br \/>\nA vous aimer, sans rien dire,<br \/>\nC\u00b4est l\u00e0 que j\u00b4ai compris, tout \u00e0 coup,<br \/>\nJ\u00b4avais fini mon voyage,<br \/>\nEt j\u00b4ai pos\u00e9 mes bagages,<br \/>\nVous \u00e9tiez venus au rendez-vous,<br \/>\nQu\u00b4importe ce qu\u00b4on peut en dire,<br \/>\nJe tenais \u00e0 vous le dire,<br \/>\nCe soir je vous remercie de vous,<br \/>\nQu\u00b4importe ce qu\u00b4on peut en dire,<br \/>\nJe suis venue pour vous dire,<br \/>\nMa plus belle histoire d\u00b4amour, c\u00b4est vous&#8230;<\/p>\n<p>Divers documents pdf:<br \/>\n<a href=\"https:\/\/www.labelleviededaniel.fr\/wp-content\/uploads\/2018\/07\/conf_barbara.pdf\">Conf\u00e9rence sur Barbara<\/a><br \/>\n<a href=\"https:\/\/www.labelleviededaniel.fr\/wp-content\/uploads\/2018\/07\/bio_barbara.pdf\">courte biographie de Barbara<\/a><\/p>\n<p>&nbsp;<\/p>\n","protected":false},"excerpt":{"rendered":"<p>Cette chanson \u00e9crite en 1966 apr\u00e8s son triomphe en 1965 \u00e0 Bobino est d\u00e9di\u00e9e \u00e0 son public. Paroles de la chanson\u00a0\u00bb Ma plus belle histoire d&rsquo;amour\u00a0\u00bb par Barbara Du plus loin, que me revienne, L\u00b4ombre de mes amours anciennes, Du plus loin, du premier rendez-vous, Du temps des premi\u00e8res peines, Lors, j\u00b4avais quinze ans, \u00e0 &hellip; <a href=\"https:\/\/www.labelleviededaniel.fr\/?p=7149\" class=\"more-link\">Continuer la lecture de <span class=\"screen-reader-text\">Barbara (1930-1997): \u00a0\u00bb Ma plus belle histoire d&rsquo;amour c&rsquo;est vous\u00a0\u00bb, chanson d\u00e9di\u00e9e \u00e0 son public \u00e9crite en 1966<\/span> <span class=\"meta-nav\">&rarr;<\/span><\/a><\/p>\n","protected":false},"author":1,"featured_media":0,"comment_status":"open","ping_status":"open","sticky":false,"template":"","format":"standard","meta":{"footnotes":""},"categories":[26,66],"tags":[576,578,577],"class_list":["post-7149","post","type-post","status-publish","format-standard","hentry","category-culture","category-musique","tag-barbara","tag-bobino","tag-chanson"],"_links":{"self":[{"href":"https:\/\/www.labelleviededaniel.fr\/index.php?rest_route=\/wp\/v2\/posts\/7149","targetHints":{"allow":["GET"]}}],"collection":[{"href":"https:\/\/www.labelleviededaniel.fr\/index.php?rest_route=\/wp\/v2\/posts"}],"about":[{"href":"https:\/\/www.labelleviededaniel.fr\/index.php?rest_route=\/wp\/v2\/types\/post"}],"author":[{"embeddable":true,"href":"https:\/\/www.labelleviededaniel.fr\/index.php?rest_route=\/wp\/v2\/users\/1"}],"replies":[{"embeddable":true,"href":"https:\/\/www.labelleviededaniel.fr\/index.php?rest_route=%2Fwp%2Fv2%2Fcomments&post=7149"}],"version-history":[{"count":5,"href":"https:\/\/www.labelleviededaniel.fr\/index.php?rest_route=\/wp\/v2\/posts\/7149\/revisions"}],"predecessor-version":[{"id":7156,"href":"https:\/\/www.labelleviededaniel.fr\/index.php?rest_route=\/wp\/v2\/posts\/7149\/revisions\/7156"}],"wp:attachment":[{"href":"https:\/\/www.labelleviededaniel.fr\/index.php?rest_route=%2Fwp%2Fv2%2Fmedia&parent=7149"}],"wp:term":[{"taxonomy":"category","embeddable":true,"href":"https:\/\/www.labelleviededaniel.fr\/index.php?rest_route=%2Fwp%2Fv2%2Fcategories&post=7149"},{"taxonomy":"post_tag","embeddable":true,"href":"https:\/\/www.labelleviededaniel.fr\/index.php?rest_route=%2Fwp%2Fv2%2Ftags&post=7149"}],"curies":[{"name":"wp","href":"https:\/\/api.w.org\/{rel}","templated":true}]}}