{"id":9238,"date":"2021-09-15T22:55:32","date_gmt":"2021-09-15T21:55:32","guid":{"rendered":"https:\/\/www.labelleviededaniel.fr\/?p=9238"},"modified":"2021-11-30T10:23:07","modified_gmt":"2021-11-30T09:23:07","slug":"la-croix-rouge-francaise","status":"publish","type":"post","link":"https:\/\/www.labelleviededaniel.fr\/?p=9238","title":{"rendered":"La Croix-Rouge Fran\u00e7aise"},"content":{"rendered":"<div style=\"position: relative; padding-bottom: 56.25%; height: 0; overflow: hidden;\"><iframe loading=\"lazy\" style=\"width: 100%; height: 100%; position: absolute; left: 0px; top: 0px; overflow: hidden;\" src=\"https:\/\/www.dailymotion.com\/embed\/video\/x1zytjc?autoplay=1\" width=\"100%\" height=\"100%\" frameborder=\"0\" allowfullscreen=\"allowfullscreen\"> <\/iframe><\/div>\n<div>Discours de Fran\u00e7ois Hollande\u00a0 pour les 150 ans de la Croix-Rouge le 21 juin 2014<\/div>\n<p><strong>Documents:<\/strong><br \/>\n<a href=\"https:\/\/www.labelleviededaniel.fr\/wp-content\/uploads\/2021\/09\/CP_CRF_L_humanite_ne_se_negocie_pas_novembre_2021.pdf\">\u00a0\u00bb L&rsquo;humanit\u00e9 ne se n\u00e9gocie pas\u00a0\u00bb livre de J-C Combe, Ed de l&rsquo;Aube, novembre 2021<\/a><\/p>\n<p>Autour de la DL de la Croix-Rouge de Gradignan:<br \/>\nLa naissance de la cit\u00e9-jardin et de l&rsquo;\u00e9tablissement \u00ab\u00a0Le repose maternel\u00a0\u00bb via la donation de Marguerite Deutsch de la Meurthe, n\u00e9e Raba en 1920<\/p>\n<p><a href=\"https:\/\/www.labelleviededaniel.fr\/wp-content\/uploads\/2021\/09\/Industriels-et-Mecenes-les-Deutsch-de-la-Meurthe-1845-1924_memoire-de-Sophie-Mouton-en-2006.pdf\">Industriels et M\u00e9c\u00e8nes, les Deutsch de la Meurthe ( 1845-1924)_m\u00e9moire de Sophie Mouton en 2006<\/a><strong><br \/>\n<\/strong><\/p>\n","protected":false},"excerpt":{"rendered":"<p>Discours de Fran\u00e7ois Hollande\u00a0 pour les 150 ans de la Croix-Rouge le 21 juin 2014 Documents: \u00a0\u00bb L&rsquo;humanit\u00e9 ne se n\u00e9gocie pas\u00a0\u00bb livre de J-C Combe, Ed de l&rsquo;Aube, novembre 2021 Autour de la DL de la Croix-Rouge de Gradignan: La naissance de la cit\u00e9-jardin et de l&rsquo;\u00e9tablissement \u00ab\u00a0Le repose maternel\u00a0\u00bb via la donation de &hellip; <a href=\"https:\/\/www.labelleviededaniel.fr\/?p=9238\" class=\"more-link\">Continuer la lecture de <span class=\"screen-reader-text\">La Croix-Rouge Fran\u00e7aise<\/span> <span class=\"meta-nav\">&rarr;<\/span><\/a><\/p>\n","protected":false},"author":1,"featured_media":0,"comment_status":"open","ping_status":"open","sticky":false,"template":"","format":"standard","meta":{"footnotes":""},"categories":[1],"tags":[734,735],"class_list":["post-9238","post","type-post","status-publish","format-standard","hentry","category-non-classe","tag-croix-rouge","tag-hollande"],"_links":{"self":[{"href":"https:\/\/www.labelleviededaniel.fr\/index.php?rest_route=\/wp\/v2\/posts\/9238","targetHints":{"allow":["GET"]}}],"collection":[{"href":"https:\/\/www.labelleviededaniel.fr\/index.php?rest_route=\/wp\/v2\/posts"}],"about":[{"href":"https:\/\/www.labelleviededaniel.fr\/index.php?rest_route=\/wp\/v2\/types\/post"}],"author":[{"embeddable":true,"href":"https:\/\/www.labelleviededaniel.fr\/index.php?rest_route=\/wp\/v2\/users\/1"}],"replies":[{"embeddable":true,"href":"https:\/\/www.labelleviededaniel.fr\/index.php?rest_route=%2Fwp%2Fv2%2Fcomments&post=9238"}],"version-history":[{"count":5,"href":"https:\/\/www.labelleviededaniel.fr\/index.php?rest_route=\/wp\/v2\/posts\/9238\/revisions"}],"predecessor-version":[{"id":9302,"href":"https:\/\/www.labelleviededaniel.fr\/index.php?rest_route=\/wp\/v2\/posts\/9238\/revisions\/9302"}],"wp:attachment":[{"href":"https:\/\/www.labelleviededaniel.fr\/index.php?rest_route=%2Fwp%2Fv2%2Fmedia&parent=9238"}],"wp:term":[{"taxonomy":"category","embeddable":true,"href":"https:\/\/www.labelleviededaniel.fr\/index.php?rest_route=%2Fwp%2Fv2%2Fcategories&post=9238"},{"taxonomy":"post_tag","embeddable":true,"href":"https:\/\/www.labelleviededaniel.fr\/index.php?rest_route=%2Fwp%2Fv2%2Ftags&post=9238"}],"curies":[{"name":"wp","href":"https:\/\/api.w.org\/{rel}","templated":true}]}}